{"id":3157,"date":"2021-09-08T18:34:12","date_gmt":"2021-09-08T18:34:12","guid":{"rendered":"https:\/\/centroculturaldonavicenta.cl\/beta\/?p=3157"},"modified":"2021-09-13T00:18:28","modified_gmt":"2021-09-13T00:18:28","slug":"profesores-y-guias-de-turismo-recibieron-diplomas-tras-capacitacion-patrimonial-historica","status":"publish","type":"post","link":"https:\/\/centroculturaldonavicenta.cl\/beta\/2021\/09\/08\/profesores-y-guias-de-turismo-recibieron-diplomas-tras-capacitacion-patrimonial-historica\/","title":{"rendered":"Profesores y gu\u00edas de turismo recibieron diplomas tras capacitaci\u00f3n patrimonial hist\u00f3rica"},"content":{"rendered":"\n<p class=\"ticss-055c08ff\">Con una recreaci\u00f3n del enfrentamiento entre el Ej\u00e9rcito chileno y peruano, que marc\u00f3 la Batalla de Tarapac\u00e1, m\u00e1s de cien profesores y gu\u00edas de turismo concluyeron la \u00faltima fase de la Ruta de la Guerra del Pac\u00edfico.&nbsp;<\/p>\n\n\n\n<p class=\"ticss-08c57ee5\">La iniciativa organizada por el Centro Cultural Do\u00f1a Vicenta, y financiada por el Gobierno y Consejo Regional de Tarapac\u00e1, revivi\u00f3 uno de los episodios b\u00e9licos m\u00e1s cruentos de la guerra, que conmin\u00f3 la vida de cientos de soldados de ambos bandos y la victoria peruana.&nbsp;<\/p>\n\n\n\n<p class=\"ticss-dd74fbbc\">La exposici\u00f3n de esta acci\u00f3n b\u00e9lica, que aconteci\u00f3 el 27 de noviembre de 1879, fue relatada por el subteniente Marcelo Silva, de la Segunda Brigada Acorazada&nbsp;\u201cCazadores\u201d, a trav\u00e9s de unas maquetas en tierra, para explicar los alcances de esta batalla, que comenz\u00f3 con el desembarco anfibio en Pisagua.&nbsp;<\/p>\n\n\n\n<p class=\"ticss-0635578d\">El relato de los acontecimientos estuvo marcado tambi\u00e9n por la personificaci\u00f3n del teniente Abraham Valenzuela, quien relat\u00f3 los pormenores de la lucha que libraron las compa\u00f1\u00edas, junto al Comandante del Segundo de L\u00ednea, coronel Eleuterio Ram\u00edrez&nbsp;<\/p>\n\n\n\n<p class=\"ticss-69e821e7\">A orillas del r\u00edo, y recreando el episodio de la&nbsp;\u201ctregua del agua\u201d&nbsp;o&nbsp;\u201cde la cazuela\u201d, los participantes pudieron apreciar la cruenta acci\u00f3n b\u00e9lica con que los peruanos abordaron a las tropas chilenas en el fondo de la quebrada. R\u00e1fagas de artiller\u00eda y un ataque certero que cobr\u00f3 la vida del coronel Eleuterio Ram\u00edrez, junto a oficiales y soldados que murieron en la campa\u00f1a de Tarapac\u00e1.&nbsp;<\/p>\n\n\n\n<p><strong>Diplomas<\/strong><\/p>\n\n\n\n<p class=\"ticss-252ffb95\">Tras concluir la experiencia de la Batalla de Tarapac\u00e1, los participantes pudieron conocer el equipamiento del Ej\u00e9rcito, con una exposici\u00f3n a cargo del teniente Cristi\u00e1n Acu\u00f1a del Campo Militar Pozo Almonte.<\/p>\n\n\n\n<p class=\"ticss-71512a79\">En la ceremonia de cierre, y como sello del compromiso y participaci\u00f3n, cada uno de los asistentes recibi\u00f3 un diploma, junto a un quepi, gorro usado por los soldados chilenos y que simboliza la fuerza y patriotismo con que lucharon en la Guerra del Pac\u00edfico.<\/p>\n\n\n\n<p class=\"ticss-49d678cd\">En la ocasi\u00f3n, el General de Brigada Ricardo Stangher, comandante del Campo Militar Pozo Almonte, agradeci\u00f3 la oportunidad para colaborar con esta iniciativa, aportando los recursos necesarios para dar a conocer los hechos hist\u00f3ricos de la guerra; comprometiendo su apoyo para futuros proyectos de esa naturaleza.<\/p>\n\n\n\n<p class=\"ticss-d222da62\">Asimismo, Hrvoj Ostojic, presidente del Centro Cultural Do\u00f1a Vicenta, destac\u00f3 el entusiasmo y compromiso de los asistentes para conocer detalles in\u00e9ditos de la Guerra del Pac\u00edfico,&nbsp;\u201clo que permitir\u00e1 difundir a los estudiantes y turistas, informaci\u00f3n detallada acerca de lo que fue esta haza\u00f1a hist\u00f3rica para Chile; con el fin de valorar nuestra historia y que, sin duda, forma parte del patrimonio cultural de nuestra regi\u00f3n\u201d, junto con agradecer el apoyo y colaboraci\u00f3n de la Armada y el Ej\u00e9rcito de Chile, esperando concretar pr\u00f3ximamente una nueva Ruta Patrimonial de Tarapac\u00e1.<\/p>\n\n\n\n<div style=\"height:25px\" aria-hidden=\"true\" class=\"wp-block-spacer\"><\/div>\n\n\n\n<figure class=\"wp-block-gallery columns-3 is-cropped wp-block-gallery-1 is-layout-flex wp-block-gallery-is-layout-flex\"><ul class=\"blocks-gallery-grid\"><li class=\"blocks-gallery-item\"><figure><a href=\"https:\/\/centroculturaldonavicenta.cl\/beta\/wp-content\/uploads\/2021\/09\/3-3-scaled.jpg\" data-rel=\"lightcase:post_gallery_3157\"><img loading=\"lazy\" decoding=\"async\" width=\"1024\" height=\"684\" src=\"https:\/\/centroculturaldonavicenta.cl\/beta\/wp-content\/uploads\/2021\/09\/3-3-1024x684.jpg\" alt=\"\" data-id=\"3161\" data-full-url=\"https:\/\/centroculturaldonavicenta.cl\/beta\/wp-content\/uploads\/2021\/09\/3-3-scaled.jpg\" data-link=\"https:\/\/centroculturaldonavicenta.cl\/beta\/2021\/09\/10\/profesores-y-guias-de-turismo-recibieron-diplomas-tras-capacitacion-patrimonial-historica\/3-5\/\" class=\"wp-image-3161\" srcset=\"https:\/\/centroculturaldonavicenta.cl\/beta\/wp-content\/uploads\/2021\/09\/3-3-1024x684.jpg 1024w, https:\/\/centroculturaldonavicenta.cl\/beta\/wp-content\/uploads\/2021\/09\/3-3-300x200.jpg 300w, https:\/\/centroculturaldonavicenta.cl\/beta\/wp-content\/uploads\/2021\/09\/3-3-768x513.jpg 768w, https:\/\/centroculturaldonavicenta.cl\/beta\/wp-content\/uploads\/2021\/09\/3-3-1536x1025.jpg 1536w, https:\/\/centroculturaldonavicenta.cl\/beta\/wp-content\/uploads\/2021\/09\/3-3-2048x1367.jpg 2048w, https:\/\/centroculturaldonavicenta.cl\/beta\/wp-content\/uploads\/2021\/09\/3-3-585x391.jpg 585w\" sizes=\"auto, (max-width: 1024px) 100vw, 1024px\" \/><\/a><\/figure><\/li><li class=\"blocks-gallery-item\"><figure><a href=\"https:\/\/centroculturaldonavicenta.cl\/beta\/wp-content\/uploads\/2021\/09\/5-2-scaled.jpg\" data-rel=\"lightcase:post_gallery_3157\"><img loading=\"lazy\" decoding=\"async\" width=\"1024\" height=\"684\" src=\"https:\/\/centroculturaldonavicenta.cl\/beta\/wp-content\/uploads\/2021\/09\/5-2-1024x684.jpg\" alt=\"\" data-id=\"3162\" data-full-url=\"https:\/\/centroculturaldonavicenta.cl\/beta\/wp-content\/uploads\/2021\/09\/5-2-scaled.jpg\" data-link=\"https:\/\/centroculturaldonavicenta.cl\/beta\/2021\/09\/10\/profesores-y-guias-de-turismo-recibieron-diplomas-tras-capacitacion-patrimonial-historica\/5-4\/\" class=\"wp-image-3162\" srcset=\"https:\/\/centroculturaldonavicenta.cl\/beta\/wp-content\/uploads\/2021\/09\/5-2-1024x684.jpg 1024w, https:\/\/centroculturaldonavicenta.cl\/beta\/wp-content\/uploads\/2021\/09\/5-2-300x200.jpg 300w, https:\/\/centroculturaldonavicenta.cl\/beta\/wp-content\/uploads\/2021\/09\/5-2-768x513.jpg 768w, https:\/\/centroculturaldonavicenta.cl\/beta\/wp-content\/uploads\/2021\/09\/5-2-1536x1025.jpg 1536w, https:\/\/centroculturaldonavicenta.cl\/beta\/wp-content\/uploads\/2021\/09\/5-2-2048x1367.jpg 2048w, https:\/\/centroculturaldonavicenta.cl\/beta\/wp-content\/uploads\/2021\/09\/5-2-585x391.jpg 585w\" sizes=\"auto, (max-width: 1024px) 100vw, 1024px\" \/><\/a><\/figure><\/li><li class=\"blocks-gallery-item\"><figure><a href=\"https:\/\/centroculturaldonavicenta.cl\/beta\/wp-content\/uploads\/2021\/09\/6-2-scaled.jpg\" data-rel=\"lightcase:post_gallery_3157\"><img loading=\"lazy\" decoding=\"async\" width=\"1024\" height=\"684\" src=\"https:\/\/centroculturaldonavicenta.cl\/beta\/wp-content\/uploads\/2021\/09\/6-2-1024x684.jpg\" alt=\"\" data-id=\"3163\" data-full-url=\"https:\/\/centroculturaldonavicenta.cl\/beta\/wp-content\/uploads\/2021\/09\/6-2-scaled.jpg\" data-link=\"https:\/\/centroculturaldonavicenta.cl\/beta\/2021\/09\/10\/profesores-y-guias-de-turismo-recibieron-diplomas-tras-capacitacion-patrimonial-historica\/6-4\/\" class=\"wp-image-3163\" srcset=\"https:\/\/centroculturaldonavicenta.cl\/beta\/wp-content\/uploads\/2021\/09\/6-2-1024x684.jpg 1024w, https:\/\/centroculturaldonavicenta.cl\/beta\/wp-content\/uploads\/2021\/09\/6-2-300x200.jpg 300w, https:\/\/centroculturaldonavicenta.cl\/beta\/wp-content\/uploads\/2021\/09\/6-2-768x513.jpg 768w, https:\/\/centroculturaldonavicenta.cl\/beta\/wp-content\/uploads\/2021\/09\/6-2-1536x1025.jpg 1536w, https:\/\/centroculturaldonavicenta.cl\/beta\/wp-content\/uploads\/2021\/09\/6-2-2048x1367.jpg 2048w, https:\/\/centroculturaldonavicenta.cl\/beta\/wp-content\/uploads\/2021\/09\/6-2-585x391.jpg 585w\" sizes=\"auto, (max-width: 1024px) 100vw, 1024px\" \/><\/a><\/figure><\/li><li class=\"blocks-gallery-item\"><figure><a href=\"https:\/\/centroculturaldonavicenta.cl\/beta\/wp-content\/uploads\/2021\/09\/7-2-scaled.jpg\" data-rel=\"lightcase:post_gallery_3157\"><img loading=\"lazy\" decoding=\"async\" width=\"1024\" height=\"684\" src=\"https:\/\/centroculturaldonavicenta.cl\/beta\/wp-content\/uploads\/2021\/09\/7-2-1024x684.jpg\" alt=\"\" data-id=\"3164\" data-full-url=\"https:\/\/centroculturaldonavicenta.cl\/beta\/wp-content\/uploads\/2021\/09\/7-2-scaled.jpg\" data-link=\"https:\/\/centroculturaldonavicenta.cl\/beta\/2021\/09\/10\/profesores-y-guias-de-turismo-recibieron-diplomas-tras-capacitacion-patrimonial-historica\/7-4\/\" class=\"wp-image-3164\" srcset=\"https:\/\/centroculturaldonavicenta.cl\/beta\/wp-content\/uploads\/2021\/09\/7-2-1024x684.jpg 1024w, https:\/\/centroculturaldonavicenta.cl\/beta\/wp-content\/uploads\/2021\/09\/7-2-300x200.jpg 300w, https:\/\/centroculturaldonavicenta.cl\/beta\/wp-content\/uploads\/2021\/09\/7-2-768x513.jpg 768w, https:\/\/centroculturaldonavicenta.cl\/beta\/wp-content\/uploads\/2021\/09\/7-2-1536x1025.jpg 1536w, https:\/\/centroculturaldonavicenta.cl\/beta\/wp-content\/uploads\/2021\/09\/7-2-2048x1367.jpg 2048w, https:\/\/centroculturaldonavicenta.cl\/beta\/wp-content\/uploads\/2021\/09\/7-2-585x391.jpg 585w\" sizes=\"auto, (max-width: 1024px) 100vw, 1024px\" \/><\/a><\/figure><\/li><li class=\"blocks-gallery-item\"><figure><a href=\"https:\/\/centroculturaldonavicenta.cl\/beta\/wp-content\/uploads\/2021\/09\/8-1-scaled.jpg\" data-rel=\"lightcase:post_gallery_3157\"><img loading=\"lazy\" decoding=\"async\" width=\"1024\" height=\"684\" src=\"https:\/\/centroculturaldonavicenta.cl\/beta\/wp-content\/uploads\/2021\/09\/8-1-1024x684.jpg\" alt=\"\" data-id=\"3165\" data-full-url=\"https:\/\/centroculturaldonavicenta.cl\/beta\/wp-content\/uploads\/2021\/09\/8-1-scaled.jpg\" data-link=\"https:\/\/centroculturaldonavicenta.cl\/beta\/2021\/09\/10\/profesores-y-guias-de-turismo-recibieron-diplomas-tras-capacitacion-patrimonial-historica\/8-3\/\" class=\"wp-image-3165\" srcset=\"https:\/\/centroculturaldonavicenta.cl\/beta\/wp-content\/uploads\/2021\/09\/8-1-1024x684.jpg 1024w, https:\/\/centroculturaldonavicenta.cl\/beta\/wp-content\/uploads\/2021\/09\/8-1-300x200.jpg 300w, https:\/\/centroculturaldonavicenta.cl\/beta\/wp-content\/uploads\/2021\/09\/8-1-768x513.jpg 768w, https:\/\/centroculturaldonavicenta.cl\/beta\/wp-content\/uploads\/2021\/09\/8-1-1536x1025.jpg 1536w, https:\/\/centroculturaldonavicenta.cl\/beta\/wp-content\/uploads\/2021\/09\/8-1-2048x1367.jpg 2048w, https:\/\/centroculturaldonavicenta.cl\/beta\/wp-content\/uploads\/2021\/09\/8-1-585x391.jpg 585w\" sizes=\"auto, (max-width: 1024px) 100vw, 1024px\" \/><\/a><\/figure><\/li><li class=\"blocks-gallery-item\"><figure><a href=\"https:\/\/centroculturaldonavicenta.cl\/beta\/wp-content\/uploads\/2021\/09\/9-1-scaled.jpg\" data-rel=\"lightcase:post_gallery_3157\"><img loading=\"lazy\" decoding=\"async\" width=\"1024\" height=\"684\" src=\"https:\/\/centroculturaldonavicenta.cl\/beta\/wp-content\/uploads\/2021\/09\/9-1-1024x684.jpg\" alt=\"\" data-id=\"3166\" data-full-url=\"https:\/\/centroculturaldonavicenta.cl\/beta\/wp-content\/uploads\/2021\/09\/9-1-scaled.jpg\" data-link=\"https:\/\/centroculturaldonavicenta.cl\/beta\/2021\/09\/10\/profesores-y-guias-de-turismo-recibieron-diplomas-tras-capacitacion-patrimonial-historica\/9-3\/\" class=\"wp-image-3166\" srcset=\"https:\/\/centroculturaldonavicenta.cl\/beta\/wp-content\/uploads\/2021\/09\/9-1-1024x684.jpg 1024w, https:\/\/centroculturaldonavicenta.cl\/beta\/wp-content\/uploads\/2021\/09\/9-1-300x200.jpg 300w, https:\/\/centroculturaldonavicenta.cl\/beta\/wp-content\/uploads\/2021\/09\/9-1-768x513.jpg 768w, https:\/\/centroculturaldonavicenta.cl\/beta\/wp-content\/uploads\/2021\/09\/9-1-1536x1025.jpg 1536w, https:\/\/centroculturaldonavicenta.cl\/beta\/wp-content\/uploads\/2021\/09\/9-1-2048x1367.jpg 2048w, https:\/\/centroculturaldonavicenta.cl\/beta\/wp-content\/uploads\/2021\/09\/9-1-585x391.jpg 585w\" sizes=\"auto, (max-width: 1024px) 100vw, 1024px\" \/><\/a><\/figure><\/li><\/ul><\/figure>\n","protected":false},"excerpt":{"rendered":"<p>Con recreaci\u00f3n de la Batalla de Tarapac\u00e1 concluy\u00f3 la Ruta de la Guerra del Pac\u00edfico<\/p>\n","protected":false},"author":1,"featured_media":3158,"comment_status":"closed","ping_status":"open","sticky":false,"template":"","format":"standard","meta":{"footnotes":""},"categories":[198,195,196,156],"tags":[175,167,163,189,158,185],"class_list":["post-3157","post","type-post","status-publish","format-standard","has-post-thumbnail","hentry","category-198","category-cultura","category-historia","category-proyectos","tag-175","tag-colegios","tag-cultura","tag-guias-de-turismo","tag-iquique","tag-tarapaca"],"amp_enabled":true,"_links":{"self":[{"href":"https:\/\/centroculturaldonavicenta.cl\/beta\/wp-json\/wp\/v2\/posts\/3157","targetHints":{"allow":["GET"]}}],"collection":[{"href":"https:\/\/centroculturaldonavicenta.cl\/beta\/wp-json\/wp\/v2\/posts"}],"about":[{"href":"https:\/\/centroculturaldonavicenta.cl\/beta\/wp-json\/wp\/v2\/types\/post"}],"author":[{"embeddable":true,"href":"https:\/\/centroculturaldonavicenta.cl\/beta\/wp-json\/wp\/v2\/users\/1"}],"replies":[{"embeddable":true,"href":"https:\/\/centroculturaldonavicenta.cl\/beta\/wp-json\/wp\/v2\/comments?post=3157"}],"version-history":[{"count":6,"href":"https:\/\/centroculturaldonavicenta.cl\/beta\/wp-json\/wp\/v2\/posts\/3157\/revisions"}],"predecessor-version":[{"id":3176,"href":"https:\/\/centroculturaldonavicenta.cl\/beta\/wp-json\/wp\/v2\/posts\/3157\/revisions\/3176"}],"wp:featuredmedia":[{"embeddable":true,"href":"https:\/\/centroculturaldonavicenta.cl\/beta\/wp-json\/wp\/v2\/media\/3158"}],"wp:attachment":[{"href":"https:\/\/centroculturaldonavicenta.cl\/beta\/wp-json\/wp\/v2\/media?parent=3157"}],"wp:term":[{"taxonomy":"category","embeddable":true,"href":"https:\/\/centroculturaldonavicenta.cl\/beta\/wp-json\/wp\/v2\/categories?post=3157"},{"taxonomy":"post_tag","embeddable":true,"href":"https:\/\/centroculturaldonavicenta.cl\/beta\/wp-json\/wp\/v2\/tags?post=3157"}],"curies":[{"name":"wp","href":"https:\/\/api.w.org\/{rel}","templated":true}]}}