{"id":2421,"date":"2021-08-07T15:03:10","date_gmt":"2021-08-07T15:03:10","guid":{"rendered":"https:\/\/centroculturaldonavicenta.cl\/beta\/?p=2421"},"modified":"2021-09-13T00:09:20","modified_gmt":"2021-09-13T00:09:20","slug":"mas-de-cien-profesores-y-guias-de-turismo-revivieron-la-ruta-de-la-guerra-del-pacifico","status":"publish","type":"post","link":"https:\/\/centroculturaldonavicenta.cl\/beta\/2021\/08\/07\/mas-de-cien-profesores-y-guias-de-turismo-revivieron-la-ruta-de-la-guerra-del-pacifico\/","title":{"rendered":"M\u00e1s de cien profesores y gu\u00edas de turismo revivieron la Ruta de la Guerra del Pac\u00edfico"},"content":{"rendered":"\n<p class=\"ticss-c0a41b2f\">Como una actividad \u00fanica, valiosa y enriquecedora, fue calificada por los asistentes la primera fase de la Ruta de la Guerra del Pac\u00edfico, que se realiz\u00f3 este s\u00e1bado en la IV Zona Naval, congregando a m\u00e1s de cien profesores y gu\u00edas de turismo, quienes revivieron los hitos y detalles hist\u00f3ricos del Combate Naval de Iquique y de Punta Gruesa.<\/p>\n\n\n\n<p class=\"ticss-229fdd25\">La iniciativa organizada por el Centro Cultural Do\u00f1a Vicenta, y financiada por el Gobierno y Consejo Regional de Tarapac\u00e1, permiti\u00f3 a los participantes conocer detalles ins\u00f3litos de la gesta de Prat y los h\u00e9roes navales, hechos que marcaron el devenir de la Guerra del Pac\u00edfico.<\/p>\n\n\n\n<p class=\"ticss-e4a2ca5f\">Durante la ceremonia inaugural, a las que asistieron autoridades civiles y militares; Hrvoj Ostojic, presidente del centro cultural, destac\u00f3 la materializaci\u00f3n de esta iniciativa, que forma parte de las Rutas Hist\u00f3ricas de Tarapac\u00e1.<\/p>\n\n\n\n<blockquote class=\"wp-block-quote is-layout-flow wp-block-quote-is-layout-flow\"><p>\u201cEs necesario entender la historia de la regi\u00f3n, que es la que le dio el apellido a nuestro pa\u00eds. Estamos llenos de grandes haza\u00f1as hist\u00f3ricas y tenemos que valorarnos y hacer sentir nuestro valor como regi\u00f3n, tanto en lo educativo como en lo tur\u00edstico, como parte de nuestro patrimonio cultural\u201d, precis\u00f3 Ostojic.<\/p><\/blockquote>\n\n\n\n<p class=\"ticss-906f6d63\">Asimismo, el Comandante en Jefe de la IV Zona Naval, contralmirante Ren\u00e9 Rojas, destac\u00f3 el benepl\u00e1cito de recibir a los asistentes en el recinto de la Armada, as\u00ed como tambi\u00e9n&nbsp;\u201cel inter\u00e9s de ustedes, para transmitir los conocimientos, valores y la historia a los estudiantes y comunidad, porque el norte es el motor de lo que hoy es Chile\u201d.<\/p>\n\n\n\n<p class=\"ticss-8e3bdb3c\">Similar opini\u00f3n fue la de Miguel \u00c1ngel Quezada, Delegado Presidencial de Tarapac\u00e1, quien destac\u00f3 el apoyo para la concreci\u00f3n de iniciativas culturales de esta \u00edndole,&nbsp;\u201cque ponen en valor la historia regional y el inter\u00e9s de profesores y gu\u00edas de turismo, para aprender, transmitir y ense\u00f1ar a las futuras generaciones\u201d.<\/p>\n\n\n\n<p><strong>In Situ<\/strong><\/p>\n\n\n\n<p class=\"ticss-37606d53\">Con un video hist\u00f3rico, Hrvoj Ostojic inici\u00f3 el relato del Combate Naval de Iquique y Punta Gruesa, destacando hechos que no se encuentran en los libros de historia, como los or\u00edgenes que llevaron al inicio de la guerra, el traslado de ni\u00f1os y ancianos de otras embarcaciones hacia la Esmeralda para protegerlos de la batalla naval, los pormenores del combate en la rada de Iquique y las maniobras de las naves.&nbsp;<\/p>\n\n\n\n<p class=\"ticss-38298cf8\">Adem\u00e1s de la existencia de dos banderas en lo alto del m\u00e1stil de la Esmeralda y su hora de hundimiento, que aconteci\u00f3 a las 12.20 de la hora peruana, entre otros detalles.&nbsp;&nbsp;<\/p>\n\n\n\n<p class=\"ticss-ab6b3285\">Para los profesores Germ\u00e1n Ch\u00e1vez y Camila Julio, profesores de los colegios Young School y An\u00edbal Pinto respectivamente, el conocer la historia del combate naval desde otra mirada&nbsp;\u201cha sido gratificante, provechosa y esperamos poder entregar lo aprendido a los estudiantes. Conocimos muchos detalles que no sab\u00edamos, as\u00ed como tambi\u00e9n darnos la oportunidad de conocer el trabajo de la Armada, lo cual es importante para seguir aprendiendo de nuestra historia como regi\u00f3n\u201d.<\/p>\n\n\n\n<p class=\"ticss-3fd077ea\">Tras la charla, los asistentes participaron en tres actividades a cargo de personal de la Armada, con una visita al LM-31&nbsp;\u201cChipana\u201d&nbsp;y el OPV&nbsp;\u201cOdger\u201d, donde conocieron el manejo y operaciones de ambas embarcaciones.<\/p>\n\n\n\n<p class=\"ticss-033781a4\">Adem\u00e1s de una exhibici\u00f3n de videos sobre el trabajo que desarrolla la Armada tanto en emergencias y apoyo a la comunidad, protecci\u00f3n de la costa y patrullaje mar\u00edtimo. Para luego, participar en una muestra de piezas hist\u00f3ricas y la pr\u00e1ctica de elaboraci\u00f3n de nudos mar\u00edtimos.&nbsp;<\/p>\n\n\n\n<p class=\"ticss-17426a80\">Seg\u00fan Yum\u00e1n Montt y Roberto Pacheco, vinculados al sector tur\u00edstico, destacaron la organizaci\u00f3n del evento,&nbsp;\u201cy en lo cultural, faltaba esto, porque uno sabe lo general, lo que nos ha permitido comprender otras facetas del Combate Naval de Iquique que no est\u00e1n en los libros. Ojal\u00e1 se sigan repitiendo este tipo de actividades\u201d, acot\u00f3 Montt.&nbsp;<\/p>\n\n\n\n<p class=\"ticss-4db28dcd\">Posteriormente, los participantes se trasladaron al sector de Punta Gruesa, sitio donde Eduardo Melipil, suboficial mayor de la Armada y Curador del Museo Naval de Iquique, relat\u00f3 aspectos importantes de la batalla entre la Covadonga -comandada por Carlos Condell- y la Independencia, donde esta \u00faltima tras un certero ataque encall\u00f3, caus\u00e1ndole a la flota peruana la p\u00e9rdida de su buque m\u00e1s poderoso.&nbsp;<\/p>\n\n\n\n<p class=\"ticss-d090da87\">Para Aracely Far\u00edas, profesora de historia del Colegio Bicentenario Santa Mar\u00eda, la experiencia ha sido provechosa y necesaria&nbsp;\u201cpara el conocimiento de los sitios hist\u00f3ricos de Iquique, y que los profesores podamos conocer in situ la historia y transmitirla a nuestros estudiantes de forma vivencial, para que se motiven y desarrollar habilidades como es la indagatoria y pensamiento cr\u00edtico\u201d.<\/p>\n\n\n\n<p class=\"ticss-9cdf9280\">Cabe destacar que la Ruta de la Guerra del Pac\u00edfico continuar\u00e1 con nuevas charlas hist\u00f3ricas en Pisagua, con el desembarco anfibio de las tropas chilenas; y posteriormente con las batallas de Dolores y Tarapac\u00e1, cerrando el ciclo de este hito hist\u00f3rico para la historia de Chile.<\/p>\n\n\n\n<div style=\"height:25px\" aria-hidden=\"true\" class=\"wp-block-spacer\"><\/div>\n\n\n\n<figure class=\"wp-block-gallery columns-3 is-cropped wp-block-gallery-1 is-layout-flex wp-block-gallery-is-layout-flex\"><ul class=\"blocks-gallery-grid\"><li class=\"blocks-gallery-item\"><figure><a href=\"https:\/\/centroculturaldonavicenta.cl\/beta\/wp-content\/uploads\/2021\/09\/Ruta-3-1-scaled.jpg\" data-rel=\"lightcase:post_gallery_2421\"><img loading=\"lazy\" decoding=\"async\" width=\"1024\" height=\"619\" src=\"https:\/\/centroculturaldonavicenta.cl\/beta\/wp-content\/uploads\/2021\/09\/Ruta-3-1-1024x619.jpg\" alt=\"\" data-id=\"2435\" data-full-url=\"https:\/\/centroculturaldonavicenta.cl\/beta\/wp-content\/uploads\/2021\/09\/Ruta-3-1-scaled.jpg\" data-link=\"https:\/\/centroculturaldonavicenta.cl\/beta\/2021\/09\/08\/mas-de-cien-profesores-y-guias-de-turismo-revivieron-la-ruta-de-la-guerra-del-pacifico\/ruta-3-2\/\" class=\"wp-image-2435\" srcset=\"https:\/\/centroculturaldonavicenta.cl\/beta\/wp-content\/uploads\/2021\/09\/Ruta-3-1-1024x619.jpg 1024w, https:\/\/centroculturaldonavicenta.cl\/beta\/wp-content\/uploads\/2021\/09\/Ruta-3-1-300x181.jpg 300w, https:\/\/centroculturaldonavicenta.cl\/beta\/wp-content\/uploads\/2021\/09\/Ruta-3-1-768x464.jpg 768w, https:\/\/centroculturaldonavicenta.cl\/beta\/wp-content\/uploads\/2021\/09\/Ruta-3-1-1536x929.jpg 1536w, https:\/\/centroculturaldonavicenta.cl\/beta\/wp-content\/uploads\/2021\/09\/Ruta-3-1-2048x1238.jpg 2048w, https:\/\/centroculturaldonavicenta.cl\/beta\/wp-content\/uploads\/2021\/09\/Ruta-3-1-585x354.jpg 585w\" sizes=\"auto, (max-width: 1024px) 100vw, 1024px\" \/><\/a><\/figure><\/li><li class=\"blocks-gallery-item\"><figure><a href=\"https:\/\/centroculturaldonavicenta.cl\/beta\/wp-content\/uploads\/2021\/09\/Ruta-1-scaled.jpg\" data-rel=\"lightcase:post_gallery_2421\"><img loading=\"lazy\" decoding=\"async\" width=\"1024\" height=\"683\" src=\"https:\/\/centroculturaldonavicenta.cl\/beta\/wp-content\/uploads\/2021\/09\/Ruta-1-1024x683.jpg\" alt=\"\" data-id=\"2434\" data-full-url=\"https:\/\/centroculturaldonavicenta.cl\/beta\/wp-content\/uploads\/2021\/09\/Ruta-1-scaled.jpg\" data-link=\"https:\/\/centroculturaldonavicenta.cl\/beta\/2021\/09\/08\/mas-de-cien-profesores-y-guias-de-turismo-revivieron-la-ruta-de-la-guerra-del-pacifico\/ruta-1\/\" class=\"wp-image-2434\" srcset=\"https:\/\/centroculturaldonavicenta.cl\/beta\/wp-content\/uploads\/2021\/09\/Ruta-1-1024x683.jpg 1024w, https:\/\/centroculturaldonavicenta.cl\/beta\/wp-content\/uploads\/2021\/09\/Ruta-1-300x200.jpg 300w, https:\/\/centroculturaldonavicenta.cl\/beta\/wp-content\/uploads\/2021\/09\/Ruta-1-768x512.jpg 768w, https:\/\/centroculturaldonavicenta.cl\/beta\/wp-content\/uploads\/2021\/09\/Ruta-1-1536x1024.jpg 1536w, https:\/\/centroculturaldonavicenta.cl\/beta\/wp-content\/uploads\/2021\/09\/Ruta-1-2048x1365.jpg 2048w, https:\/\/centroculturaldonavicenta.cl\/beta\/wp-content\/uploads\/2021\/09\/Ruta-1-585x390.jpg 585w\" sizes=\"auto, (max-width: 1024px) 100vw, 1024px\" \/><\/a><\/figure><\/li><li class=\"blocks-gallery-item\"><figure><a href=\"https:\/\/centroculturaldonavicenta.cl\/beta\/wp-content\/uploads\/2021\/09\/Ruta-6-scaled.jpg\" data-rel=\"lightcase:post_gallery_2421\"><img loading=\"lazy\" decoding=\"async\" width=\"1024\" height=\"683\" src=\"https:\/\/centroculturaldonavicenta.cl\/beta\/wp-content\/uploads\/2021\/09\/Ruta-6-1024x683.jpg\" alt=\"\" data-id=\"2436\" data-full-url=\"https:\/\/centroculturaldonavicenta.cl\/beta\/wp-content\/uploads\/2021\/09\/Ruta-6-scaled.jpg\" data-link=\"https:\/\/centroculturaldonavicenta.cl\/beta\/2021\/09\/08\/mas-de-cien-profesores-y-guias-de-turismo-revivieron-la-ruta-de-la-guerra-del-pacifico\/ruta-6\/\" class=\"wp-image-2436\" srcset=\"https:\/\/centroculturaldonavicenta.cl\/beta\/wp-content\/uploads\/2021\/09\/Ruta-6-1024x683.jpg 1024w, https:\/\/centroculturaldonavicenta.cl\/beta\/wp-content\/uploads\/2021\/09\/Ruta-6-300x200.jpg 300w, https:\/\/centroculturaldonavicenta.cl\/beta\/wp-content\/uploads\/2021\/09\/Ruta-6-768x512.jpg 768w, https:\/\/centroculturaldonavicenta.cl\/beta\/wp-content\/uploads\/2021\/09\/Ruta-6-1536x1024.jpg 1536w, https:\/\/centroculturaldonavicenta.cl\/beta\/wp-content\/uploads\/2021\/09\/Ruta-6-2048x1365.jpg 2048w, https:\/\/centroculturaldonavicenta.cl\/beta\/wp-content\/uploads\/2021\/09\/Ruta-6-585x390.jpg 585w\" sizes=\"auto, (max-width: 1024px) 100vw, 1024px\" \/><\/a><\/figure><\/li><li class=\"blocks-gallery-item\"><figure><a href=\"https:\/\/centroculturaldonavicenta.cl\/beta\/wp-content\/uploads\/2021\/09\/Ruta-9-scaled.jpg\" data-rel=\"lightcase:post_gallery_2421\"><img loading=\"lazy\" decoding=\"async\" width=\"1024\" height=\"683\" src=\"https:\/\/centroculturaldonavicenta.cl\/beta\/wp-content\/uploads\/2021\/09\/Ruta-9-1024x683.jpg\" alt=\"\" data-id=\"2437\" data-full-url=\"https:\/\/centroculturaldonavicenta.cl\/beta\/wp-content\/uploads\/2021\/09\/Ruta-9-scaled.jpg\" data-link=\"https:\/\/centroculturaldonavicenta.cl\/beta\/2021\/09\/08\/mas-de-cien-profesores-y-guias-de-turismo-revivieron-la-ruta-de-la-guerra-del-pacifico\/ruta-9\/\" class=\"wp-image-2437\" srcset=\"https:\/\/centroculturaldonavicenta.cl\/beta\/wp-content\/uploads\/2021\/09\/Ruta-9-1024x683.jpg 1024w, https:\/\/centroculturaldonavicenta.cl\/beta\/wp-content\/uploads\/2021\/09\/Ruta-9-300x200.jpg 300w, https:\/\/centroculturaldonavicenta.cl\/beta\/wp-content\/uploads\/2021\/09\/Ruta-9-768x512.jpg 768w, https:\/\/centroculturaldonavicenta.cl\/beta\/wp-content\/uploads\/2021\/09\/Ruta-9-1536x1024.jpg 1536w, https:\/\/centroculturaldonavicenta.cl\/beta\/wp-content\/uploads\/2021\/09\/Ruta-9-2048x1365.jpg 2048w, https:\/\/centroculturaldonavicenta.cl\/beta\/wp-content\/uploads\/2021\/09\/Ruta-9-585x390.jpg 585w\" sizes=\"auto, (max-width: 1024px) 100vw, 1024px\" \/><\/a><\/figure><\/li><li class=\"blocks-gallery-item\"><figure><a href=\"https:\/\/centroculturaldonavicenta.cl\/beta\/wp-content\/uploads\/2021\/09\/Ruta-10-scaled.jpg\" data-rel=\"lightcase:post_gallery_2421\"><img loading=\"lazy\" decoding=\"async\" width=\"1024\" height=\"683\" src=\"https:\/\/centroculturaldonavicenta.cl\/beta\/wp-content\/uploads\/2021\/09\/Ruta-10-1024x683.jpg\" alt=\"\" data-id=\"2438\" data-full-url=\"https:\/\/centroculturaldonavicenta.cl\/beta\/wp-content\/uploads\/2021\/09\/Ruta-10-scaled.jpg\" data-link=\"https:\/\/centroculturaldonavicenta.cl\/beta\/2021\/09\/08\/mas-de-cien-profesores-y-guias-de-turismo-revivieron-la-ruta-de-la-guerra-del-pacifico\/ruta-10\/\" class=\"wp-image-2438\" srcset=\"https:\/\/centroculturaldonavicenta.cl\/beta\/wp-content\/uploads\/2021\/09\/Ruta-10-1024x683.jpg 1024w, https:\/\/centroculturaldonavicenta.cl\/beta\/wp-content\/uploads\/2021\/09\/Ruta-10-300x200.jpg 300w, https:\/\/centroculturaldonavicenta.cl\/beta\/wp-content\/uploads\/2021\/09\/Ruta-10-768x512.jpg 768w, https:\/\/centroculturaldonavicenta.cl\/beta\/wp-content\/uploads\/2021\/09\/Ruta-10-1536x1024.jpg 1536w, https:\/\/centroculturaldonavicenta.cl\/beta\/wp-content\/uploads\/2021\/09\/Ruta-10-2048x1365.jpg 2048w, https:\/\/centroculturaldonavicenta.cl\/beta\/wp-content\/uploads\/2021\/09\/Ruta-10-585x390.jpg 585w\" sizes=\"auto, (max-width: 1024px) 100vw, 1024px\" \/><\/a><\/figure><\/li><li class=\"blocks-gallery-item\"><figure><a href=\"https:\/\/centroculturaldonavicenta.cl\/beta\/wp-content\/uploads\/2021\/09\/Ruta-11-scaled.jpg\" data-rel=\"lightcase:post_gallery_2421\"><img loading=\"lazy\" decoding=\"async\" width=\"1024\" height=\"683\" src=\"https:\/\/centroculturaldonavicenta.cl\/beta\/wp-content\/uploads\/2021\/09\/Ruta-11-1024x683.jpg\" alt=\"\" data-id=\"2439\" data-full-url=\"https:\/\/centroculturaldonavicenta.cl\/beta\/wp-content\/uploads\/2021\/09\/Ruta-11-scaled.jpg\" data-link=\"https:\/\/centroculturaldonavicenta.cl\/beta\/2021\/09\/08\/mas-de-cien-profesores-y-guias-de-turismo-revivieron-la-ruta-de-la-guerra-del-pacifico\/ruta-11\/\" class=\"wp-image-2439\" srcset=\"https:\/\/centroculturaldonavicenta.cl\/beta\/wp-content\/uploads\/2021\/09\/Ruta-11-1024x683.jpg 1024w, https:\/\/centroculturaldonavicenta.cl\/beta\/wp-content\/uploads\/2021\/09\/Ruta-11-300x200.jpg 300w, https:\/\/centroculturaldonavicenta.cl\/beta\/wp-content\/uploads\/2021\/09\/Ruta-11-768x512.jpg 768w, https:\/\/centroculturaldonavicenta.cl\/beta\/wp-content\/uploads\/2021\/09\/Ruta-11-1536x1024.jpg 1536w, https:\/\/centroculturaldonavicenta.cl\/beta\/wp-content\/uploads\/2021\/09\/Ruta-11-2048x1365.jpg 2048w, https:\/\/centroculturaldonavicenta.cl\/beta\/wp-content\/uploads\/2021\/09\/Ruta-11-585x390.jpg 585w\" sizes=\"auto, (max-width: 1024px) 100vw, 1024px\" \/><\/a><\/figure><\/li><li class=\"blocks-gallery-item\"><figure><a href=\"https:\/\/centroculturaldonavicenta.cl\/beta\/wp-content\/uploads\/2021\/09\/Ruta-12-scaled.jpg\" data-rel=\"lightcase:post_gallery_2421\"><img loading=\"lazy\" decoding=\"async\" width=\"1024\" height=\"683\" src=\"https:\/\/centroculturaldonavicenta.cl\/beta\/wp-content\/uploads\/2021\/09\/Ruta-12-1024x683.jpg\" alt=\"\" data-id=\"2440\" data-full-url=\"https:\/\/centroculturaldonavicenta.cl\/beta\/wp-content\/uploads\/2021\/09\/Ruta-12-scaled.jpg\" data-link=\"https:\/\/centroculturaldonavicenta.cl\/beta\/2021\/09\/08\/mas-de-cien-profesores-y-guias-de-turismo-revivieron-la-ruta-de-la-guerra-del-pacifico\/ruta-12\/\" class=\"wp-image-2440\" srcset=\"https:\/\/centroculturaldonavicenta.cl\/beta\/wp-content\/uploads\/2021\/09\/Ruta-12-1024x683.jpg 1024w, https:\/\/centroculturaldonavicenta.cl\/beta\/wp-content\/uploads\/2021\/09\/Ruta-12-300x200.jpg 300w, https:\/\/centroculturaldonavicenta.cl\/beta\/wp-content\/uploads\/2021\/09\/Ruta-12-768x512.jpg 768w, https:\/\/centroculturaldonavicenta.cl\/beta\/wp-content\/uploads\/2021\/09\/Ruta-12-1536x1024.jpg 1536w, https:\/\/centroculturaldonavicenta.cl\/beta\/wp-content\/uploads\/2021\/09\/Ruta-12-2048x1365.jpg 2048w, https:\/\/centroculturaldonavicenta.cl\/beta\/wp-content\/uploads\/2021\/09\/Ruta-12-585x390.jpg 585w\" sizes=\"auto, (max-width: 1024px) 100vw, 1024px\" \/><\/a><\/figure><\/li><\/ul><\/figure>\n","protected":false},"excerpt":{"rendered":"<p>Como una actividad \u00fanica, valiosa y enriquecedora, fue calificada por los asistentes la primera fase de la Ruta de la Guerra del Pac\u00edfico, que se realiz\u00f3 este s\u00e1bado en la IV Zona Naval, congregando a m\u00e1s de cien profesores y gu\u00edas de turismo, quienes revivieron&#8230;<\/p>\n","protected":false},"author":1,"featured_media":2422,"comment_status":"closed","ping_status":"open","sticky":false,"template":"","format":"standard","meta":{"footnotes":""},"categories":[198,195,196,156],"tags":[175,167,186,189,158,188,187],"class_list":["post-2421","post","type-post","status-publish","format-standard","has-post-thumbnail","hentry","category-198","category-cultura","category-historia","category-proyectos","tag-175","tag-colegios","tag-guerra-del-pacifico","tag-guias-de-turismo","tag-iquique","tag-profesores","tag-ruta"],"amp_enabled":true,"_links":{"self":[{"href":"https:\/\/centroculturaldonavicenta.cl\/beta\/wp-json\/wp\/v2\/posts\/2421","targetHints":{"allow":["GET"]}}],"collection":[{"href":"https:\/\/centroculturaldonavicenta.cl\/beta\/wp-json\/wp\/v2\/posts"}],"about":[{"href":"https:\/\/centroculturaldonavicenta.cl\/beta\/wp-json\/wp\/v2\/types\/post"}],"author":[{"embeddable":true,"href":"https:\/\/centroculturaldonavicenta.cl\/beta\/wp-json\/wp\/v2\/users\/1"}],"replies":[{"embeddable":true,"href":"https:\/\/centroculturaldonavicenta.cl\/beta\/wp-json\/wp\/v2\/comments?post=2421"}],"version-history":[{"count":7,"href":"https:\/\/centroculturaldonavicenta.cl\/beta\/wp-json\/wp\/v2\/posts\/2421\/revisions"}],"predecessor-version":[{"id":2444,"href":"https:\/\/centroculturaldonavicenta.cl\/beta\/wp-json\/wp\/v2\/posts\/2421\/revisions\/2444"}],"wp:featuredmedia":[{"embeddable":true,"href":"https:\/\/centroculturaldonavicenta.cl\/beta\/wp-json\/wp\/v2\/media\/2422"}],"wp:attachment":[{"href":"https:\/\/centroculturaldonavicenta.cl\/beta\/wp-json\/wp\/v2\/media?parent=2421"}],"wp:term":[{"taxonomy":"category","embeddable":true,"href":"https:\/\/centroculturaldonavicenta.cl\/beta\/wp-json\/wp\/v2\/categories?post=2421"},{"taxonomy":"post_tag","embeddable":true,"href":"https:\/\/centroculturaldonavicenta.cl\/beta\/wp-json\/wp\/v2\/tags?post=2421"}],"curies":[{"name":"wp","href":"https:\/\/api.w.org\/{rel}","templated":true}]}}