{"id":2285,"date":"2021-06-19T15:56:08","date_gmt":"2021-06-19T15:56:08","guid":{"rendered":"https:\/\/centroculturaldonavicenta.cl\/beta\/?p=2285"},"modified":"2021-09-13T01:09:15","modified_gmt":"2021-09-13T01:09:15","slug":"expo-huantajaya-y-la-mineria-de-la-plata-conquista-interes-de-visitantes-de-mall-zofri","status":"publish","type":"post","link":"https:\/\/centroculturaldonavicenta.cl\/beta\/2021\/06\/19\/expo-huantajaya-y-la-mineria-de-la-plata-conquista-interes-de-visitantes-de-mall-zofri\/","title":{"rendered":"Expo \u201cHuantajaya y la miner\u00eda de la plata\u201d conquista inter\u00e9s de visitantes de mall Zofri"},"content":{"rendered":"\n<p class=\"ticss-9a0b810d\">A dos semanas de su inauguraci\u00f3n, m\u00e1s de 300 personas han visitado la exposici\u00f3n&nbsp;\u201cHuantajaya y la historia de la miner\u00eda de la plata tarapaque\u00f1a\u201d, ubicada en el m\u00f3dulo 5009, primer nivel de la etapa V del centro comercial Mall Zofri; y que permanecer\u00e1 abierta a p\u00fablico hasta fines de este mes.&nbsp;<\/p>\n\n\n\n<p class=\"ticss-8f4ab6d2\">La exposici\u00f3n, que se puede visitar de lunes a viernes, entre las 11 y 19 hrs., cuenta con una serie de paneles que, en una l\u00ednea de tiempo, van relatando las distintas etapas de la explotaci\u00f3n de la plata en Huantajaya, con hitos demarcatorios desde la \u00e9poca prehisp\u00e1nica, pasando por la colonia y el periodo republicano hasta 1930, fecha en que se produce el abandono definitivo del mineral.<\/p>\n\n\n\n<p class=\"ticss-f52783f2\">El modelo din\u00e1mico de la exhibici\u00f3n, adem\u00e1s de las maquetas de piezas y artefactos; ha concitado el inter\u00e9s de p\u00fablico de diferentes edades, quienes han destacado la importancia y valor de la muestra, que permite conocer y redescubrir el pasado hist\u00f3rico de Tarapac\u00e1 y el legado cultural de la explotaci\u00f3n de la plata.&nbsp;<\/p>\n\n\n\n<p class=\"ticss-722f6d3f\">As\u00ed reza en el libro de comentarios de la exposici\u00f3n.&nbsp;\u201cFelicitaciones por la investigaci\u00f3n para realizar esta muestra, gracias por esta experiencia \u00fanica para aprender sobre la miner\u00eda\u201d,&nbsp;\u201cme siento emocionada al ver el tremendo sacrificio de las personas que viv\u00edan en esa \u00e9poca, agradeciendo su trabajo con que crearon la cultura de esta tierra\u201d&nbsp;y&nbsp;\u201ces una valiosa exposici\u00f3n, para aprender las ra\u00edces de nuestra regi\u00f3n y quedamos motivados para seguir aprendiendo sobre nuestra diversidad cultural\u201d, entre otras opiniones.<\/p>\n\n\n\n<p class=\"ticss-cc8e11e6\">El p\u00fablico tambi\u00e9n ha destacado a los gestores de la muestra, que fue organizada por el Centro Cultural Do\u00f1a Vicenta, Cordetur y Zofri, con el financiamiento del Gobierno Regional y Consejo Regional; y cuya preparaci\u00f3n y montaje estuvo liderada por la muse\u00f3grafa Patricia Torres.<\/p>\n\n\n\n<p class=\"ticss-39f9643c\">Para Hrvoj Ostojic, presidente del Centro Cultural Do\u00f1a Vicenta,&nbsp;&nbsp;la exposici\u00f3n sobre Huantajaya y la miner\u00eda de la plata es parte de un periodo hist\u00f3rico importante de la regi\u00f3n,&nbsp;&nbsp;que representa un valioso patrimonio para la historia econ\u00f3mica y social de esta tierra,&nbsp;\u201cporque la explotaci\u00f3n de la plata posicion\u00f3 por primera vez a Tarapac\u00e1 en los circuitos del comercio mundial, impulsando su desarrollo como territorio\u201d.<\/p>\n\n\n\n<p class=\"ticss-e3623e40\">Dada la importancia de Huantajaya en la historia de Tarapac\u00e1, y el hecho de que fuera declarado Monumento Hist\u00f3rico Nacional en diciembre de 2020, Ostojic invit\u00f3 a la comunidad a visitar la exposici\u00f3n en Mall Zofri, con el fin de imbuirse acerca de la historia y cultura que nos leg\u00f3 este yacimiento minero, que hoy busca redituarse como un baluarte de la identidad tarapaque\u00f1a.<\/p>\n\n\n\n<div style=\"height:25px\" aria-hidden=\"true\" class=\"wp-block-spacer\"><\/div>\n\n\n\n<figure class=\"wp-block-gallery columns-3 is-cropped wp-block-gallery-1 is-layout-flex wp-block-gallery-is-layout-flex\"><ul class=\"blocks-gallery-grid\"><li class=\"blocks-gallery-item\"><figure><a href=\"https:\/\/centroculturaldonavicenta.cl\/beta\/wp-content\/uploads\/2021\/09\/Visita-2.jpeg\" data-rel=\"lightcase:post_gallery_2285\"><img loading=\"lazy\" decoding=\"async\" width=\"950\" height=\"936\" src=\"https:\/\/centroculturaldonavicenta.cl\/beta\/wp-content\/uploads\/2021\/09\/Visita-2.jpeg\" alt=\"\" data-id=\"2289\" data-full-url=\"https:\/\/centroculturaldonavicenta.cl\/beta\/wp-content\/uploads\/2021\/09\/Visita-2.jpeg\" data-link=\"https:\/\/centroculturaldonavicenta.cl\/beta\/2021\/09\/07\/expo-huantajaya-y-la-mineria-de-la-plata-conquista-interes-de-visitantes-de-mall-zofri\/visita-2\/\" class=\"wp-image-2289\" srcset=\"https:\/\/centroculturaldonavicenta.cl\/beta\/wp-content\/uploads\/2021\/09\/Visita-2.jpeg 950w, https:\/\/centroculturaldonavicenta.cl\/beta\/wp-content\/uploads\/2021\/09\/Visita-2-300x296.jpeg 300w, https:\/\/centroculturaldonavicenta.cl\/beta\/wp-content\/uploads\/2021\/09\/Visita-2-768x757.jpeg 768w, https:\/\/centroculturaldonavicenta.cl\/beta\/wp-content\/uploads\/2021\/09\/Visita-2-80x80.jpeg 80w, https:\/\/centroculturaldonavicenta.cl\/beta\/wp-content\/uploads\/2021\/09\/Visita-2-585x576.jpeg 585w\" sizes=\"auto, (max-width: 950px) 100vw, 950px\" \/><\/a><\/figure><\/li><li class=\"blocks-gallery-item\"><figure><a href=\"https:\/\/centroculturaldonavicenta.cl\/beta\/wp-content\/uploads\/2021\/09\/Visita-3.jpeg\" data-rel=\"lightcase:post_gallery_2285\"><img loading=\"lazy\" decoding=\"async\" width=\"960\" height=\"878\" src=\"https:\/\/centroculturaldonavicenta.cl\/beta\/wp-content\/uploads\/2021\/09\/Visita-3.jpeg\" alt=\"\" data-id=\"2290\" data-full-url=\"https:\/\/centroculturaldonavicenta.cl\/beta\/wp-content\/uploads\/2021\/09\/Visita-3.jpeg\" data-link=\"https:\/\/centroculturaldonavicenta.cl\/beta\/2021\/09\/07\/expo-huantajaya-y-la-mineria-de-la-plata-conquista-interes-de-visitantes-de-mall-zofri\/visita-3\/\" class=\"wp-image-2290\" srcset=\"https:\/\/centroculturaldonavicenta.cl\/beta\/wp-content\/uploads\/2021\/09\/Visita-3.jpeg 960w, https:\/\/centroculturaldonavicenta.cl\/beta\/wp-content\/uploads\/2021\/09\/Visita-3-300x274.jpeg 300w, https:\/\/centroculturaldonavicenta.cl\/beta\/wp-content\/uploads\/2021\/09\/Visita-3-768x702.jpeg 768w, https:\/\/centroculturaldonavicenta.cl\/beta\/wp-content\/uploads\/2021\/09\/Visita-3-585x535.jpeg 585w\" sizes=\"auto, (max-width: 960px) 100vw, 960px\" \/><\/a><\/figure><\/li><li class=\"blocks-gallery-item\"><figure><a href=\"https:\/\/centroculturaldonavicenta.cl\/beta\/wp-content\/uploads\/2021\/09\/Visita-4-.jpeg\" data-rel=\"lightcase:post_gallery_2285\"><img loading=\"lazy\" decoding=\"async\" width=\"952\" height=\"922\" src=\"https:\/\/centroculturaldonavicenta.cl\/beta\/wp-content\/uploads\/2021\/09\/Visita-4-.jpeg\" alt=\"\" data-id=\"2291\" data-full-url=\"https:\/\/centroculturaldonavicenta.cl\/beta\/wp-content\/uploads\/2021\/09\/Visita-4-.jpeg\" data-link=\"https:\/\/centroculturaldonavicenta.cl\/beta\/2021\/09\/07\/expo-huantajaya-y-la-mineria-de-la-plata-conquista-interes-de-visitantes-de-mall-zofri\/visita-4\/\" class=\"wp-image-2291\" srcset=\"https:\/\/centroculturaldonavicenta.cl\/beta\/wp-content\/uploads\/2021\/09\/Visita-4-.jpeg 952w, https:\/\/centroculturaldonavicenta.cl\/beta\/wp-content\/uploads\/2021\/09\/Visita-4--300x291.jpeg 300w, https:\/\/centroculturaldonavicenta.cl\/beta\/wp-content\/uploads\/2021\/09\/Visita-4--768x744.jpeg 768w, https:\/\/centroculturaldonavicenta.cl\/beta\/wp-content\/uploads\/2021\/09\/Visita-4--585x567.jpeg 585w\" sizes=\"auto, (max-width: 952px) 100vw, 952px\" \/><\/a><\/figure><\/li><li class=\"blocks-gallery-item\"><figure><a href=\"https:\/\/centroculturaldonavicenta.cl\/beta\/wp-content\/uploads\/2021\/09\/Visita-5.jpeg\" data-rel=\"lightcase:post_gallery_2285\"><img loading=\"lazy\" decoding=\"async\" width=\"1024\" height=\"636\" src=\"https:\/\/centroculturaldonavicenta.cl\/beta\/wp-content\/uploads\/2021\/09\/Visita-5-1024x636.jpeg\" alt=\"\" data-id=\"2292\" data-full-url=\"https:\/\/centroculturaldonavicenta.cl\/beta\/wp-content\/uploads\/2021\/09\/Visita-5.jpeg\" data-link=\"https:\/\/centroculturaldonavicenta.cl\/beta\/2021\/09\/07\/expo-huantajaya-y-la-mineria-de-la-plata-conquista-interes-de-visitantes-de-mall-zofri\/visita-5\/\" class=\"wp-image-2292\" srcset=\"https:\/\/centroculturaldonavicenta.cl\/beta\/wp-content\/uploads\/2021\/09\/Visita-5-1024x636.jpeg 1024w, https:\/\/centroculturaldonavicenta.cl\/beta\/wp-content\/uploads\/2021\/09\/Visita-5-300x186.jpeg 300w, https:\/\/centroculturaldonavicenta.cl\/beta\/wp-content\/uploads\/2021\/09\/Visita-5-768x477.jpeg 768w, https:\/\/centroculturaldonavicenta.cl\/beta\/wp-content\/uploads\/2021\/09\/Visita-5-585x363.jpeg 585w, https:\/\/centroculturaldonavicenta.cl\/beta\/wp-content\/uploads\/2021\/09\/Visita-5.jpeg 1275w\" sizes=\"auto, (max-width: 1024px) 100vw, 1024px\" \/><\/a><\/figure><\/li><\/ul><\/figure>\n","protected":false},"excerpt":{"rendered":"<p>A dos semanas de su inauguraci\u00f3n, m\u00e1s de 300 personas han visitado la exposici\u00f3n&nbsp;\u201cHuantajaya y la historia de la miner\u00eda de la plata tarapaque\u00f1a\u201d, ubicada en el m\u00f3dulo 5009, primer nivel de la etapa V del centro comercial Mall Zofri; y que permanecer\u00e1 abierta a&#8230;<\/p>\n","protected":false},"author":1,"featured_media":2286,"comment_status":"closed","ping_status":"open","sticky":false,"template":"","format":"standard","meta":{"footnotes":""},"categories":[198,195,173,196,156],"tags":[175,180,179,174,176,177,181],"class_list":["post-2285","post","type-post","status-publish","format-standard","has-post-thumbnail","hentry","category-198","category-cultura","category-exposicion","category-historia","category-proyectos","tag-175","tag-alto-hospicio","tag-cordetur","tag-exposicion","tag-huantajaya","tag-mineria","tag-zofri"],"amp_enabled":true,"_links":{"self":[{"href":"https:\/\/centroculturaldonavicenta.cl\/beta\/wp-json\/wp\/v2\/posts\/2285","targetHints":{"allow":["GET"]}}],"collection":[{"href":"https:\/\/centroculturaldonavicenta.cl\/beta\/wp-json\/wp\/v2\/posts"}],"about":[{"href":"https:\/\/centroculturaldonavicenta.cl\/beta\/wp-json\/wp\/v2\/types\/post"}],"author":[{"embeddable":true,"href":"https:\/\/centroculturaldonavicenta.cl\/beta\/wp-json\/wp\/v2\/users\/1"}],"replies":[{"embeddable":true,"href":"https:\/\/centroculturaldonavicenta.cl\/beta\/wp-json\/wp\/v2\/comments?post=2285"}],"version-history":[{"count":7,"href":"https:\/\/centroculturaldonavicenta.cl\/beta\/wp-json\/wp\/v2\/posts\/2285\/revisions"}],"predecessor-version":[{"id":2303,"href":"https:\/\/centroculturaldonavicenta.cl\/beta\/wp-json\/wp\/v2\/posts\/2285\/revisions\/2303"}],"wp:featuredmedia":[{"embeddable":true,"href":"https:\/\/centroculturaldonavicenta.cl\/beta\/wp-json\/wp\/v2\/media\/2286"}],"wp:attachment":[{"href":"https:\/\/centroculturaldonavicenta.cl\/beta\/wp-json\/wp\/v2\/media?parent=2285"}],"wp:term":[{"taxonomy":"category","embeddable":true,"href":"https:\/\/centroculturaldonavicenta.cl\/beta\/wp-json\/wp\/v2\/categories?post=2285"},{"taxonomy":"post_tag","embeddable":true,"href":"https:\/\/centroculturaldonavicenta.cl\/beta\/wp-json\/wp\/v2\/tags?post=2285"}],"curies":[{"name":"wp","href":"https:\/\/api.w.org\/{rel}","templated":true}]}}