{"id":2260,"date":"2021-06-04T14:01:02","date_gmt":"2021-06-04T14:01:02","guid":{"rendered":"https:\/\/centroculturaldonavicenta.cl\/beta\/?p=2260"},"modified":"2021-09-13T01:10:02","modified_gmt":"2021-09-13T01:10:02","slug":"expo-huantajaya-y-la-mineria-de-la-plata-abre-sus-puertas-a-publico-en-mall-zofri","status":"publish","type":"post","link":"https:\/\/centroculturaldonavicenta.cl\/beta\/2021\/06\/04\/expo-huantajaya-y-la-mineria-de-la-plata-abre-sus-puertas-a-publico-en-mall-zofri\/","title":{"rendered":"Expo \u201cHuantajaya y la miner\u00eda de la plata\u201d abre sus puertas a p\u00fablico en mall Zofri"},"content":{"rendered":"\n<h4 class=\"ticss-d65581a8 wp-block-heading\"><strong>La muestra, organizada por el Centro Cultural Do\u00f1a Vicenta, Cordetur y Zofri, pone en valor la historia patrimonial y cultural del ex mineral de Alto Hospicio; evidenciando el pasado minero prehisp\u00e1nico, colonial y republicano de Tarapac\u00e1<\/strong><\/h4>\n\n\n\n<p class=\"ticss-c28f4ba4\">Redescubrir el pasado hist\u00f3rico de Tarapac\u00e1 y el legado cultural, social y patrimonial de la explotaci\u00f3n de la plata, es el sello de la exposici\u00f3n&nbsp;\u201cHuantajaya y la historia de la miner\u00eda de la plata tarapaque\u00f1a\u201d, que fue inaugurada hoy viernes, con la presencia de autoridades e invitados, en el m\u00f3dulo 5009, primer nivel de la etapa V del centro comercial Mall Zofri.&nbsp;&nbsp;<\/p>\n\n\n\n<p class=\"ticss-28cacd6a\">La muestra, organizada por el Centro Cultural Do\u00f1a Vicenta, Cordetur y Zofri, con el financiamiento del Gobierno Regional y Consejo Regional, representa una mirada global a un proceso de la historia econ\u00f3mica y social que gener\u00f3 la explotaci\u00f3n del ex mineral de Huantajaya de Alto Hospicio; y que recientemente fue declarado Monumento Hist\u00f3rico Nacional.<\/p>\n\n\n\n<p class=\"ticss-b1d464e6\">Para Hrvoj Ostojic, presidente del Centro Cultural Do\u00f1a Vicenta, Huantajaya representa un valioso patrimonio para la historia regional,&nbsp;\u201cporque la explotaci\u00f3n de la plata posicion\u00f3 por primera vez a Tarapac\u00e1 en los circuitos del comercio mundial, impulsando el desarrollo de este territorio. Es por ello que hoy queremos poner en valor este patrimonio arqueol\u00f3gico, hist\u00f3rico y paisaj\u00edstico, que nos devela una nueva faceta de la identidad tarapaque\u00f1a\u201d.<\/p>\n\n\n\n<p class=\"ticss-b0b2c957\">La exposici\u00f3n, que se puede visitar de lunes a viernes, entre las 11 y 19 hrs., cuenta con una serie de paneles que, en una l\u00ednea de tiempo, van relatando las distintas etapas de la explotaci\u00f3n de la plata en Huantajaya, con hitos demarcatorios desde la \u00e9poca prehisp\u00e1nica, pasando por la colonia y el periodo republicano hasta 1930, fecha en que se produce el abandono definitivo del mineral. Adem\u00e1s de la exhibici\u00f3n de maquetas y r\u00e9plicas de piezas y artefactos , que permiten entender el proceso extractivo y metal\u00fargico empleado en la producci\u00f3n del metal.<\/p>\n\n\n\n<p class=\"ticss-fcb661ed\">En la ocasi\u00f3n, la intendenta regional (s), Pilar Barrientos, destac\u00f3 esta iniciativa cultural que impone una nueva forma de entender el patrimonio cultural regional, se\u00f1alando que&nbsp;\u201cexiste un compromiso por parte del Gobierno para generar las instancias que contribuyan a proteger nuestro patrimonio, especialmente, en el caso de Huantajaya, donde hemos iniciado un proceso para resguardar este sitio hist\u00f3rico\u201d.<\/p>\n\n\n\n<p><strong>PATRIMONIO<\/strong><\/p>\n\n\n\n<p class=\"ticss-c79e675a\">Durante la inauguraci\u00f3n de la muestra, el arque\u00f3logo V\u00edctor Bugue\u00f1o, quien adem\u00e1s particip\u00f3 en la elaboraci\u00f3n del expediente t\u00e9cnico de Huantajaya ante el Consejo de Monumentos Nacionales, explic\u00f3 el alcance patrimonial del ex mineral, conformado por 200 sitios arqueol\u00f3gicos, donde destacan los cementerios hist\u00f3ricos de Per\u00fa y Chile, ruinas del pueblo del siglo&nbsp;&nbsp;XVIII y sectores de piques y labores mineras para la extracci\u00f3n de la plata, entre otros.<\/p>\n\n\n\n<p class=\"ticss-091d510c\">Por su parte, Juan Morales, presidente de Cordetur, valor\u00f3 el apoyo de diversas instituciones para hacer realidad esta exposici\u00f3n,&nbsp;\u201cque se suman al esfuerzo por rescatar y proteger nuestra historia, con el fin de preservarla para las futuras generaciones y aportar al conocimiento y comprensi\u00f3n de \u00e9sta por parte de la comunidad\u201d.<\/p>\n\n\n\n<p class=\"ticss-f57a771a\">Asimismo, Jos\u00e9 Pedro \u00c1lvarez, gerente comercial de Zofri S.A. se\u00f1al\u00f3 que&nbsp;\u201cMall Zofri es el motor de la econom\u00eda regional y hoy cobija a una simb\u00f3lica iniciativa, que busca poner en valor uno de los tesoros patrimoniales m\u00e1s relevantes de nuestra regi\u00f3n\u201d, agregando que los esfuerzos p\u00fablico-privado son una muestra de que con disposici\u00f3n y colaboraci\u00f3n se logran desaf\u00edos relevantes\u201d.<\/p>\n\n\n\n<div style=\"height:25px\" aria-hidden=\"true\" class=\"wp-block-spacer\"><\/div>\n\n\n\n<figure class=\"wp-block-gallery columns-3 is-cropped wp-block-gallery-1 is-layout-flex wp-block-gallery-is-layout-flex\"><ul class=\"blocks-gallery-grid\"><li class=\"blocks-gallery-item\"><figure><a href=\"https:\/\/centroculturaldonavicenta.cl\/beta\/wp-content\/uploads\/2021\/09\/2.jpeg\" data-rel=\"lightcase:post_gallery_2260\"><img loading=\"lazy\" decoding=\"async\" width=\"1280\" height=\"853\" src=\"https:\/\/centroculturaldonavicenta.cl\/beta\/wp-content\/uploads\/2021\/09\/2-1024x682.jpeg\" alt=\"\" data-id=\"2273\" data-full-url=\"https:\/\/centroculturaldonavicenta.cl\/beta\/wp-content\/uploads\/2021\/09\/2.jpeg\" data-link=\"https:\/\/centroculturaldonavicenta.cl\/beta\/2021\/09\/07\/expo-huantajaya-y-la-mineria-de-la-plata-abre-sus-puertas-a-publico-en-mall-zofri\/2-2\/\" class=\"wp-image-2273\" srcset=\"https:\/\/centroculturaldonavicenta.cl\/beta\/wp-content\/uploads\/2021\/09\/2-1024x682.jpeg 1024w, https:\/\/centroculturaldonavicenta.cl\/beta\/wp-content\/uploads\/2021\/09\/2-300x200.jpeg 300w, https:\/\/centroculturaldonavicenta.cl\/beta\/wp-content\/uploads\/2021\/09\/2-768x512.jpeg 768w, https:\/\/centroculturaldonavicenta.cl\/beta\/wp-content\/uploads\/2021\/09\/2-585x390.jpeg 585w, https:\/\/centroculturaldonavicenta.cl\/beta\/wp-content\/uploads\/2021\/09\/2.jpeg 1280w\" sizes=\"auto, (max-width: 1280px) 100vw, 1280px\" \/><\/a><\/figure><\/li><li class=\"blocks-gallery-item\"><figure><a href=\"https:\/\/centroculturaldonavicenta.cl\/beta\/wp-content\/uploads\/2021\/09\/3-scaled.jpg\" data-rel=\"lightcase:post_gallery_2260\"><img loading=\"lazy\" decoding=\"async\" width=\"1024\" height=\"683\" src=\"https:\/\/centroculturaldonavicenta.cl\/beta\/wp-content\/uploads\/2021\/09\/3-1024x683.jpg\" alt=\"\" data-id=\"2274\" data-full-url=\"https:\/\/centroculturaldonavicenta.cl\/beta\/wp-content\/uploads\/2021\/09\/3-scaled.jpg\" data-link=\"https:\/\/centroculturaldonavicenta.cl\/beta\/2021\/09\/07\/expo-huantajaya-y-la-mineria-de-la-plata-abre-sus-puertas-a-publico-en-mall-zofri\/3-2\/\" class=\"wp-image-2274\" srcset=\"https:\/\/centroculturaldonavicenta.cl\/beta\/wp-content\/uploads\/2021\/09\/3-1024x683.jpg 1024w, https:\/\/centroculturaldonavicenta.cl\/beta\/wp-content\/uploads\/2021\/09\/3-300x200.jpg 300w, https:\/\/centroculturaldonavicenta.cl\/beta\/wp-content\/uploads\/2021\/09\/3-768x512.jpg 768w, https:\/\/centroculturaldonavicenta.cl\/beta\/wp-content\/uploads\/2021\/09\/3-1536x1024.jpg 1536w, https:\/\/centroculturaldonavicenta.cl\/beta\/wp-content\/uploads\/2021\/09\/3-2048x1365.jpg 2048w, https:\/\/centroculturaldonavicenta.cl\/beta\/wp-content\/uploads\/2021\/09\/3-585x390.jpg 585w\" sizes=\"auto, (max-width: 1024px) 100vw, 1024px\" \/><\/a><\/figure><\/li><li class=\"blocks-gallery-item\"><figure><a href=\"https:\/\/centroculturaldonavicenta.cl\/beta\/wp-content\/uploads\/2021\/09\/4.jpeg\" data-rel=\"lightcase:post_gallery_2260\"><img loading=\"lazy\" decoding=\"async\" width=\"1024\" height=\"682\" src=\"https:\/\/centroculturaldonavicenta.cl\/beta\/wp-content\/uploads\/2021\/09\/4-1024x682.jpeg\" alt=\"\" data-id=\"2275\" data-full-url=\"https:\/\/centroculturaldonavicenta.cl\/beta\/wp-content\/uploads\/2021\/09\/4.jpeg\" data-link=\"https:\/\/centroculturaldonavicenta.cl\/beta\/2021\/09\/07\/expo-huantajaya-y-la-mineria-de-la-plata-abre-sus-puertas-a-publico-en-mall-zofri\/4-2\/\" class=\"wp-image-2275\" srcset=\"https:\/\/centroculturaldonavicenta.cl\/beta\/wp-content\/uploads\/2021\/09\/4-1024x682.jpeg 1024w, https:\/\/centroculturaldonavicenta.cl\/beta\/wp-content\/uploads\/2021\/09\/4-300x200.jpeg 300w, https:\/\/centroculturaldonavicenta.cl\/beta\/wp-content\/uploads\/2021\/09\/4-768x512.jpeg 768w, https:\/\/centroculturaldonavicenta.cl\/beta\/wp-content\/uploads\/2021\/09\/4-585x390.jpeg 585w, https:\/\/centroculturaldonavicenta.cl\/beta\/wp-content\/uploads\/2021\/09\/4.jpeg 1280w\" sizes=\"auto, (max-width: 1024px) 100vw, 1024px\" \/><\/a><\/figure><\/li><\/ul><\/figure>\n","protected":false},"excerpt":{"rendered":"<p>La muestra, organizada por el Centro Cultural Do\u00f1a Vicenta, Cordetur y Zofri, pone en valor la historia patrimonial y cultural del ex mineral de Alto Hospicio; evidenciando el pasado minero prehisp\u00e1nico, colonial y republicano de Tarapac\u00e1 Redescubrir el pasado hist\u00f3rico de Tarapac\u00e1 y el legado&#8230;<\/p>\n","protected":false},"author":1,"featured_media":2271,"comment_status":"closed","ping_status":"open","sticky":false,"template":"","format":"standard","meta":{"footnotes":""},"categories":[198,195,173,156],"tags":[175,179,163,162,174,176,177,178],"class_list":["post-2260","post","type-post","status-publish","format-standard","has-post-thumbnail","hentry","category-198","category-cultura","category-exposicion","category-proyectos","tag-175","tag-cordetur","tag-cultura","tag-editorial-pino-oregon","tag-exposicion","tag-huantajaya","tag-mineria","tag-plata"],"amp_enabled":true,"_links":{"self":[{"href":"https:\/\/centroculturaldonavicenta.cl\/beta\/wp-json\/wp\/v2\/posts\/2260","targetHints":{"allow":["GET"]}}],"collection":[{"href":"https:\/\/centroculturaldonavicenta.cl\/beta\/wp-json\/wp\/v2\/posts"}],"about":[{"href":"https:\/\/centroculturaldonavicenta.cl\/beta\/wp-json\/wp\/v2\/types\/post"}],"author":[{"embeddable":true,"href":"https:\/\/centroculturaldonavicenta.cl\/beta\/wp-json\/wp\/v2\/users\/1"}],"replies":[{"embeddable":true,"href":"https:\/\/centroculturaldonavicenta.cl\/beta\/wp-json\/wp\/v2\/comments?post=2260"}],"version-history":[{"count":10,"href":"https:\/\/centroculturaldonavicenta.cl\/beta\/wp-json\/wp\/v2\/posts\/2260\/revisions"}],"predecessor-version":[{"id":2283,"href":"https:\/\/centroculturaldonavicenta.cl\/beta\/wp-json\/wp\/v2\/posts\/2260\/revisions\/2283"}],"wp:featuredmedia":[{"embeddable":true,"href":"https:\/\/centroculturaldonavicenta.cl\/beta\/wp-json\/wp\/v2\/media\/2271"}],"wp:attachment":[{"href":"https:\/\/centroculturaldonavicenta.cl\/beta\/wp-json\/wp\/v2\/media?parent=2260"}],"wp:term":[{"taxonomy":"category","embeddable":true,"href":"https:\/\/centroculturaldonavicenta.cl\/beta\/wp-json\/wp\/v2\/categories?post=2260"},{"taxonomy":"post_tag","embeddable":true,"href":"https:\/\/centroculturaldonavicenta.cl\/beta\/wp-json\/wp\/v2\/tags?post=2260"}],"curies":[{"name":"wp","href":"https:\/\/api.w.org\/{rel}","templated":true}]}}