{"id":2238,"date":"2020-11-13T18:31:15","date_gmt":"2020-11-13T18:31:15","guid":{"rendered":"https:\/\/centroculturaldonavicenta.cl\/beta\/?p=2238"},"modified":"2021-09-13T01:13:26","modified_gmt":"2021-09-13T01:13:26","slug":"libros-historicos-de-tarapaca-potenciaran-educacion-en-colegios-municipales-de-iquique","status":"publish","type":"post","link":"https:\/\/centroculturaldonavicenta.cl\/beta\/2020\/11\/13\/libros-historicos-de-tarapaca-potenciaran-educacion-en-colegios-municipales-de-iquique\/","title":{"rendered":"Libros hist\u00f3ricos de Tarapac\u00e1 potenciar\u00e1n educaci\u00f3n en colegios municipales de Iquique"},"content":{"rendered":"\n<p class=\"ticss-a11acf39\">Poner en valor la historia de la regi\u00f3n, como referente de los procesos pol\u00edticos, sociales y econ\u00f3micos del pa\u00eds, es el sello de la Biblioteca Hist\u00f3rica de Tarapac\u00e1, cuya tercera colecci\u00f3n de libros fue entregada por el Centro Cultural Do\u00f1a Vicenta a las autoridades de la&nbsp;&nbsp;Corporaci\u00f3n Municipal de Desarrollo Social de Iquique (Cormudesi), con el fin de potenciar la educaci\u00f3n en los 25 establecimientos de educaci\u00f3n municipal.&nbsp;<\/p>\n\n\n\n<p class=\"ticss-3bbfcc87\">La iniciativa, que cuenta con el apoyo y financiamiento del Gobierno Regional, representa un rescate del devenir hist\u00f3rico de Tarapac\u00e1 y su aporte al desarrollo tangible e inmaterial de Chile, a trav\u00e9s de la reedici\u00f3n de libros del siglo XIX, como&nbsp;\u201cEl combate hom\u00e9rico\u201d,&nbsp;\u201cLa primavera de Tarapac\u00e1\u201d, Elaboraci\u00f3n de salitre y yodo\u201d&nbsp;y&nbsp;\u201cLa irrigaci\u00f3n en Tarapac\u00e1\u201d.<\/p>\n\n\n\n<p class=\"ticss-1aa26753\">As\u00ed lo dio a conocer Hrvoj Ostojic, presidente del Centro Cultural Do\u00f1a Vicenta, durante la entrega oficial de esta colecci\u00f3n hist\u00f3rica al presidente de Cormudesi y alcalde de Iquique, Mauricio Soria, junto al director de Educaci\u00f3n, Miguel Daponte; y funcionarios de dicha corporaci\u00f3n.<\/p>\n\n\n\n<p class=\"ticss-211d2364\">\u201cEs un paso m\u00e1s en la difusi\u00f3n y comprensi\u00f3n de la Biblioteca Hist\u00f3rica de Tarapac\u00e1. Nuestra regi\u00f3n tienen una deuda con su propia historia; y con esta iniciativa como Centro Cultural Do\u00f1a Vicenta hemos querido poner en valor y rescatar la grandeza de nuestra regi\u00f3n, con la reedici\u00f3n de libros que son dif\u00edciles de conseguir y que tienen la historia de Tarapac\u00e1 del siglo XIX, tanto del tiempo peruano como chileno\u201d.&nbsp;<\/p>\n\n\n\n<p class=\"ticss-ccd10c07\">Coment\u00f3 que el proceso de elaborar esta Biblioteca Hist\u00f3rica regional, que ya suma 29 t\u00edtulos en tres colecciones, contempl\u00f3 la selecci\u00f3n de obras originales de acceso restringido, ya que s\u00f3lo est\u00e1n disponibles para investigadores, por cuanto muchos de esos libros se encuentran en mal estado.&nbsp;<\/p>\n\n\n\n<p class=\"ticss-ae34af39\">\u201cLo importante es que obras de gran importancia hist\u00f3rica, hoy est\u00e1n a disposici\u00f3n de los estudiantes y la comunidad en general, para que puedan leer, investigar y aprender de la acerca de Tarapac\u00e1. Los libros fueron reeditados, con nueva gram\u00e1tica y ortograf\u00eda, para una mejor lectura y comprensi\u00f3n de nuestra historia\u201d.<\/p>\n\n\n\n<p class=\"ticss-a7b0f2c1\">En tanto, el alcalde Mauricio Soria, en su calidad de presidente de Cormudesi, agradeci\u00f3 el aporte del centro cultural para poner a disposici\u00f3n estos libros hist\u00f3ricos en los Centros de Recursos para el Aprendizaje (CRA) de los colegios municipalizados y bibliotecas p\u00fablicas.<\/p>\n\n\n\n<p class=\"ticss-ae6d966e\">\u201cEs un gran aporte no s\u00f3lo por el significado que representa contar con libros sobre la historia y desarrollo de la ciudad y regi\u00f3n, sino tambi\u00e9n porque permitir\u00e1 a los alumnos y profesores contar con un material pedag\u00f3gico para los aprendizajes en aula. Adem\u00e1s de que estar\u00e1n a disposici\u00f3n de cualquier persona, para que pueda conocer la historia de la regi\u00f3n\u201d.<\/p>\n\n\n\n<p class=\"ticss-596234f6\">Cabe destacar que a la fecha, la Biblioteca Hist\u00f3rica de Tarapac\u00e1 suma tres colecciones, con un total de 29 t\u00edtulos, publicaciones a las que se sumar\u00e1 prontamente una nueva colecci\u00f3n de seis libros, lo que pondr\u00eda en valor -a la fecha- 36 obras in\u00e9ditas sobre la historia social, pol\u00edtica, cultural y econ\u00f3mica de Tarapac\u00e1.<\/p>\n","protected":false},"excerpt":{"rendered":"<p>Poner en valor la historia de la regi\u00f3n, como referente de los procesos pol\u00edticos, sociales y econ\u00f3micos del pa\u00eds, es el sello de la Biblioteca Hist\u00f3rica de Tarapac\u00e1, cuya tercera colecci\u00f3n de libros fue entregada por el Centro Cultural Do\u00f1a Vicenta a las autoridades de&#8230;<\/p>\n","protected":false},"author":1,"featured_media":2247,"comment_status":"closed","ping_status":"open","sticky":false,"template":"","format":"standard","meta":{"footnotes":""},"categories":[197,169,195,196,156],"tags":[160,167,163,162,158,168,164],"class_list":["post-2238","post","type-post","status-publish","format-standard","has-post-thumbnail","hentry","category-197","category-biblioteca-historica","category-cultura","category-historia","category-proyectos","tag-160","tag-colegios","tag-cultura","tag-editorial-pino-oregon","tag-iquique","tag-municipalidad","tag-proyectos"],"amp_enabled":true,"_links":{"self":[{"href":"https:\/\/centroculturaldonavicenta.cl\/beta\/wp-json\/wp\/v2\/posts\/2238","targetHints":{"allow":["GET"]}}],"collection":[{"href":"https:\/\/centroculturaldonavicenta.cl\/beta\/wp-json\/wp\/v2\/posts"}],"about":[{"href":"https:\/\/centroculturaldonavicenta.cl\/beta\/wp-json\/wp\/v2\/types\/post"}],"author":[{"embeddable":true,"href":"https:\/\/centroculturaldonavicenta.cl\/beta\/wp-json\/wp\/v2\/users\/1"}],"replies":[{"embeddable":true,"href":"https:\/\/centroculturaldonavicenta.cl\/beta\/wp-json\/wp\/v2\/comments?post=2238"}],"version-history":[{"count":3,"href":"https:\/\/centroculturaldonavicenta.cl\/beta\/wp-json\/wp\/v2\/posts\/2238\/revisions"}],"predecessor-version":[{"id":2244,"href":"https:\/\/centroculturaldonavicenta.cl\/beta\/wp-json\/wp\/v2\/posts\/2238\/revisions\/2244"}],"wp:featuredmedia":[{"embeddable":true,"href":"https:\/\/centroculturaldonavicenta.cl\/beta\/wp-json\/wp\/v2\/media\/2247"}],"wp:attachment":[{"href":"https:\/\/centroculturaldonavicenta.cl\/beta\/wp-json\/wp\/v2\/media?parent=2238"}],"wp:term":[{"taxonomy":"category","embeddable":true,"href":"https:\/\/centroculturaldonavicenta.cl\/beta\/wp-json\/wp\/v2\/categories?post=2238"},{"taxonomy":"post_tag","embeddable":true,"href":"https:\/\/centroculturaldonavicenta.cl\/beta\/wp-json\/wp\/v2\/tags?post=2238"}],"curies":[{"name":"wp","href":"https:\/\/api.w.org\/{rel}","templated":true}]}}