{"id":2230,"date":"2019-12-14T10:00:55","date_gmt":"2019-12-14T10:00:55","guid":{"rendered":"https:\/\/centroculturaldonavicenta.cl\/beta\/?p=2230"},"modified":"2021-09-13T01:14:30","modified_gmt":"2021-09-13T01:14:30","slug":"el-mundo-magico-de-los-cuenta-cuentos-llega-este-domingo-a-la-estacion-del-libro","status":"publish","type":"post","link":"https:\/\/centroculturaldonavicenta.cl\/beta\/2019\/12\/14\/el-mundo-magico-de-los-cuenta-cuentos-llega-este-domingo-a-la-estacion-del-libro\/","title":{"rendered":"El mundo m\u00e1gico de los cuenta cuentos Llega este domingo a la Estaci\u00f3n del Libro"},"content":{"rendered":"\n<p class=\"ticss-601a7492\">Aquellas historias que hacen volar la imaginaci\u00f3n y so\u00f1ar con otros mundos, ser\u00e1n las protagonistas de la jornada de este domingo en la \u201cEstaci\u00f3n del Libro\u201d, que tendr\u00e1 como invitado estelar al escritor Mauricio Paredes.<\/p>\n\n\n\n<p class=\"ticss-c136d5e2\">El programa comenzar\u00e1 con la presentaci\u00f3n de la compa\u00f1\u00eda Saltimbanqui, para luego dar paso a las lecturas Kamishibai de Junji. Paralelamente, habr\u00e1 un taller de dibujo de La Dibujona para ni\u00f1os y ni\u00f1as, para concluir con la presentaci\u00f3n de lecturas de la Sociedad de Escritores de Chile filial Iquique, que preside Carolina Gonz\u00e1lez.<\/p>\n\n\n\n<p class=\"ticss-665e25c0\">El evento continuar\u00e1 con la presentaci\u00f3n de los artistas de la murga, para seguir con la presentaci\u00f3n del libro \u201cQue no me faltes\u201d de la escritora juvenil Daniela Fern\u00e1ndez. Paralelamente, habr\u00e1 un taller creativo de Cecrea y de cosido manual de libros de la editorial Llokallas, en la secci\u00f3n de la mesa mecano.<\/p>\n\n\n\n<p class=\"ticss-e5497591\">Luego, el colectivo Melcocha nos deleitar\u00e1 con el cuenta cuentos \u201cDe cordillera a mar\u201d, para dar paso al escritor Mauricio Paredes, quien realizar\u00e1 un conversatorio con el p\u00fablico de sus reconocidos libros como \u201cLa cama m\u00e1gica de Bartolo\u201d y \u201cLa familia gu\u00e1catela\u201d, concluyendo con un cuenta cuentos.<\/p>\n\n\n\n<p class=\"ticss-75583cb9\">Finalmente, cerrar\u00e1 la jornada el poeta Jaime Ceballos con la presentaci\u00f3n de su libro \u201cRarezas del tiempo y de la luz\u201d.<\/p>\n\n\n\n<p class=\"ticss-629026f9\">Cabe se\u00f1alar que este encuentro con el mundo del libro es&nbsp;organizado por el Centro Cultural Do\u00f1a Vicenta y financiado por la seremi de las Culturas, las Artes y el Patrimonio. Adem\u00e1s, cuenta con el auspicio de la C\u00e1mara Chilena de la Construcci\u00f3n y la colaboraci\u00f3n de la Seremi de Justicia y Derechos Humanos, el Registro Civil y el Instituto del Patrimonio, Idepa, de la Unap.&nbsp;<\/p>\n","protected":false},"excerpt":{"rendered":"<p>Aquellas historias que hacen volar la imaginaci\u00f3n y so\u00f1ar con otros mundos, ser\u00e1n las protagonistas de la jornada de este domingo en la \u201cEstaci\u00f3n del Libro\u201d, que tendr\u00e1 como invitado estelar al escritor Mauricio Paredes. El programa comenzar\u00e1 con la presentaci\u00f3n de la compa\u00f1\u00eda Saltimbanqui,&#8230;<\/p>\n","protected":false},"author":1,"featured_media":2233,"comment_status":"closed","ping_status":"open","sticky":false,"template":"","format":"standard","meta":{"footnotes":""},"categories":[157,195,173,156],"tags":[160,163,162,159,158,164],"class_list":["post-2230","post","type-post","status-publish","format-standard","has-post-thumbnail","hentry","category-157","category-cultura","category-exposicion","category-proyectos","tag-160","tag-cultura","tag-editorial-pino-oregon","tag-estacion-del-libro","tag-iquique","tag-proyectos"],"amp_enabled":true,"_links":{"self":[{"href":"https:\/\/centroculturaldonavicenta.cl\/beta\/wp-json\/wp\/v2\/posts\/2230","targetHints":{"allow":["GET"]}}],"collection":[{"href":"https:\/\/centroculturaldonavicenta.cl\/beta\/wp-json\/wp\/v2\/posts"}],"about":[{"href":"https:\/\/centroculturaldonavicenta.cl\/beta\/wp-json\/wp\/v2\/types\/post"}],"author":[{"embeddable":true,"href":"https:\/\/centroculturaldonavicenta.cl\/beta\/wp-json\/wp\/v2\/users\/1"}],"replies":[{"embeddable":true,"href":"https:\/\/centroculturaldonavicenta.cl\/beta\/wp-json\/wp\/v2\/comments?post=2230"}],"version-history":[{"count":3,"href":"https:\/\/centroculturaldonavicenta.cl\/beta\/wp-json\/wp\/v2\/posts\/2230\/revisions"}],"predecessor-version":[{"id":2236,"href":"https:\/\/centroculturaldonavicenta.cl\/beta\/wp-json\/wp\/v2\/posts\/2230\/revisions\/2236"}],"wp:featuredmedia":[{"embeddable":true,"href":"https:\/\/centroculturaldonavicenta.cl\/beta\/wp-json\/wp\/v2\/media\/2233"}],"wp:attachment":[{"href":"https:\/\/centroculturaldonavicenta.cl\/beta\/wp-json\/wp\/v2\/media?parent=2230"}],"wp:term":[{"taxonomy":"category","embeddable":true,"href":"https:\/\/centroculturaldonavicenta.cl\/beta\/wp-json\/wp\/v2\/categories?post=2230"},{"taxonomy":"post_tag","embeddable":true,"href":"https:\/\/centroculturaldonavicenta.cl\/beta\/wp-json\/wp\/v2\/tags?post=2230"}],"curies":[{"name":"wp","href":"https:\/\/api.w.org\/{rel}","templated":true}]}}