{"id":2102,"date":"2019-12-11T10:00:53","date_gmt":"2019-12-11T10:00:53","guid":{"rendered":"https:\/\/centroculturaldonavicenta.cl\/beta\/?p=2102"},"modified":"2021-09-13T01:15:44","modified_gmt":"2021-09-13T01:15:44","slug":"comienza-cuenta-regresiva-de-estacion-del-libro-con-nutrido-programa-literario-y-cultural","status":"publish","type":"post","link":"https:\/\/centroculturaldonavicenta.cl\/beta\/2019\/12\/11\/comienza-cuenta-regresiva-de-estacion-del-libro-con-nutrido-programa-literario-y-cultural\/","title":{"rendered":"Comienza cuenta regresiva de Estaci\u00f3n del Libro con nutrido programa literario y cultural"},"content":{"rendered":"\n<p class=\"ticss-6bb8154d\">Tal como fuera en anta\u00f1o, hoy la ex Estaci\u00f3n de Ferrocarril Iquique &#8211; Pueblo Hundido vuelve a ser parte de la ciudad, con la primera \u201cEstaci\u00f3n del Libro. Un territorio, muchos caminos\u201d, evento ferial que se realizar\u00e1 durante cuatro d\u00edas, desde el 14 al 17 de diciembre pr\u00f3ximo, con un nutrido programa literario y cultural.<\/p>\n\n\n\n<p class=\"ticss-47d9ee89\">Este encuentro con el mundo del libro es&nbsp;organizado por el Centro Cultural Do\u00f1a Vicenta y financiado por la seremi de las Culturas, las Artes y el Patrimonio. Adem\u00e1s, cuenta con el auspicio de la C\u00e1mara Chilena de la Construcci\u00f3n y la colaboraci\u00f3n de la Seremi de Justicia y Derechos Humanos, el Registro Civil y el Instituto del Patrimonio, Idepa, de la Unap.&nbsp;<\/p>\n\n\n\n<p class=\"ticss-5f12e8cf\">Para Laura D\u00edaz Vidiella, seremi de las Culturas, las Artes y el Patrimonio, en este espacio hist\u00f3rico \u201cestar\u00e1n presentes escritores locales y de la macro zona norte con sus publicaciones, junto a destacados escritores nacionales. Adem\u00e1s de editoriales y gestores culturales, quienes exhibir\u00e1n sus libros y creaciones, en contacto directo con el p\u00fablico, a trav\u00e9s de talleres, conversatorios y firma de libros\u201d.&nbsp;<\/p>\n\n\n\n<div style=\"height:24px\" aria-hidden=\"true\" class=\"wp-block-spacer\"><\/div>\n\n\n\n<figure class=\"wp-block-gallery columns-3 is-cropped wp-block-gallery-1 is-layout-flex wp-block-gallery-is-layout-flex\"><ul class=\"blocks-gallery-grid\"><li class=\"blocks-gallery-item\"><figure><a href=\"https:\/\/centroculturaldonavicenta.cl\/beta\/wp-content\/uploads\/2021\/09\/FFCC-INTERIOR-5.jpg\" data-rel=\"lightcase:post_gallery_2102\"><img loading=\"lazy\" decoding=\"async\" width=\"1024\" height=\"576\" src=\"https:\/\/centroculturaldonavicenta.cl\/beta\/wp-content\/uploads\/2021\/09\/FFCC-INTERIOR-5-1024x576.jpg\" alt=\"\" data-id=\"2114\" data-full-url=\"https:\/\/centroculturaldonavicenta.cl\/beta\/wp-content\/uploads\/2021\/09\/FFCC-INTERIOR-5.jpg\" data-link=\"https:\/\/centroculturaldonavicenta.cl\/beta\/2021\/09\/06\/comienza-cuenta-regresiva-de-estacion-del-libro-con-nutrido-programa-literario-y-cultural\/ffcc-interior-5\/\" class=\"wp-image-2114\" srcset=\"https:\/\/centroculturaldonavicenta.cl\/beta\/wp-content\/uploads\/2021\/09\/FFCC-INTERIOR-5-1024x576.jpg 1024w, https:\/\/centroculturaldonavicenta.cl\/beta\/wp-content\/uploads\/2021\/09\/FFCC-INTERIOR-5-300x169.jpg 300w, https:\/\/centroculturaldonavicenta.cl\/beta\/wp-content\/uploads\/2021\/09\/FFCC-INTERIOR-5-768x432.jpg 768w, https:\/\/centroculturaldonavicenta.cl\/beta\/wp-content\/uploads\/2021\/09\/FFCC-INTERIOR-5-1536x864.jpg 1536w, https:\/\/centroculturaldonavicenta.cl\/beta\/wp-content\/uploads\/2021\/09\/FFCC-INTERIOR-5-1200x675.jpg 1200w, https:\/\/centroculturaldonavicenta.cl\/beta\/wp-content\/uploads\/2021\/09\/FFCC-INTERIOR-5-585x329.jpg 585w, https:\/\/centroculturaldonavicenta.cl\/beta\/wp-content\/uploads\/2021\/09\/FFCC-INTERIOR-5.jpg 1920w\" sizes=\"auto, (max-width: 1024px) 100vw, 1024px\" \/><\/a><\/figure><\/li><li class=\"blocks-gallery-item\"><figure><a href=\"https:\/\/centroculturaldonavicenta.cl\/beta\/wp-content\/uploads\/2021\/09\/FFCC-INTERIOR-4.jpg\" data-rel=\"lightcase:post_gallery_2102\"><img loading=\"lazy\" decoding=\"async\" width=\"1024\" height=\"576\" src=\"https:\/\/centroculturaldonavicenta.cl\/beta\/wp-content\/uploads\/2021\/09\/FFCC-INTERIOR-4-1024x576.jpg\" alt=\"\" data-id=\"2113\" data-full-url=\"https:\/\/centroculturaldonavicenta.cl\/beta\/wp-content\/uploads\/2021\/09\/FFCC-INTERIOR-4.jpg\" data-link=\"https:\/\/centroculturaldonavicenta.cl\/beta\/2021\/09\/06\/comienza-cuenta-regresiva-de-estacion-del-libro-con-nutrido-programa-literario-y-cultural\/ffcc-interior-4\/\" class=\"wp-image-2113\" srcset=\"https:\/\/centroculturaldonavicenta.cl\/beta\/wp-content\/uploads\/2021\/09\/FFCC-INTERIOR-4-1024x576.jpg 1024w, https:\/\/centroculturaldonavicenta.cl\/beta\/wp-content\/uploads\/2021\/09\/FFCC-INTERIOR-4-300x169.jpg 300w, https:\/\/centroculturaldonavicenta.cl\/beta\/wp-content\/uploads\/2021\/09\/FFCC-INTERIOR-4-768x432.jpg 768w, https:\/\/centroculturaldonavicenta.cl\/beta\/wp-content\/uploads\/2021\/09\/FFCC-INTERIOR-4-1536x864.jpg 1536w, https:\/\/centroculturaldonavicenta.cl\/beta\/wp-content\/uploads\/2021\/09\/FFCC-INTERIOR-4-1200x675.jpg 1200w, https:\/\/centroculturaldonavicenta.cl\/beta\/wp-content\/uploads\/2021\/09\/FFCC-INTERIOR-4-585x329.jpg 585w, https:\/\/centroculturaldonavicenta.cl\/beta\/wp-content\/uploads\/2021\/09\/FFCC-INTERIOR-4.jpg 1920w\" sizes=\"auto, (max-width: 1024px) 100vw, 1024px\" \/><\/a><\/figure><\/li><li class=\"blocks-gallery-item\"><figure><a href=\"https:\/\/centroculturaldonavicenta.cl\/beta\/wp-content\/uploads\/2021\/09\/FFCC-INTERIOR-3.jpg\" data-rel=\"lightcase:post_gallery_2102\"><img loading=\"lazy\" decoding=\"async\" width=\"1024\" height=\"576\" src=\"https:\/\/centroculturaldonavicenta.cl\/beta\/wp-content\/uploads\/2021\/09\/FFCC-INTERIOR-3-1024x576.jpg\" alt=\"\" data-id=\"2112\" data-full-url=\"https:\/\/centroculturaldonavicenta.cl\/beta\/wp-content\/uploads\/2021\/09\/FFCC-INTERIOR-3.jpg\" data-link=\"https:\/\/centroculturaldonavicenta.cl\/beta\/2021\/09\/06\/comienza-cuenta-regresiva-de-estacion-del-libro-con-nutrido-programa-literario-y-cultural\/ffcc-interior-3\/\" class=\"wp-image-2112\" srcset=\"https:\/\/centroculturaldonavicenta.cl\/beta\/wp-content\/uploads\/2021\/09\/FFCC-INTERIOR-3-1024x576.jpg 1024w, https:\/\/centroculturaldonavicenta.cl\/beta\/wp-content\/uploads\/2021\/09\/FFCC-INTERIOR-3-300x169.jpg 300w, https:\/\/centroculturaldonavicenta.cl\/beta\/wp-content\/uploads\/2021\/09\/FFCC-INTERIOR-3-768x432.jpg 768w, https:\/\/centroculturaldonavicenta.cl\/beta\/wp-content\/uploads\/2021\/09\/FFCC-INTERIOR-3-1536x864.jpg 1536w, https:\/\/centroculturaldonavicenta.cl\/beta\/wp-content\/uploads\/2021\/09\/FFCC-INTERIOR-3-1200x675.jpg 1200w, https:\/\/centroculturaldonavicenta.cl\/beta\/wp-content\/uploads\/2021\/09\/FFCC-INTERIOR-3-585x329.jpg 585w, https:\/\/centroculturaldonavicenta.cl\/beta\/wp-content\/uploads\/2021\/09\/FFCC-INTERIOR-3.jpg 1920w\" sizes=\"auto, (max-width: 1024px) 100vw, 1024px\" \/><\/a><\/figure><\/li><li class=\"blocks-gallery-item\"><figure><a href=\"https:\/\/centroculturaldonavicenta.cl\/beta\/wp-content\/uploads\/2021\/09\/FFCC-INTERIOR-1.jpg\" data-rel=\"lightcase:post_gallery_2102\"><img loading=\"lazy\" decoding=\"async\" width=\"1024\" height=\"576\" src=\"https:\/\/centroculturaldonavicenta.cl\/beta\/wp-content\/uploads\/2021\/09\/FFCC-INTERIOR-1-1024x576.jpg\" alt=\"\" data-id=\"2111\" data-full-url=\"https:\/\/centroculturaldonavicenta.cl\/beta\/wp-content\/uploads\/2021\/09\/FFCC-INTERIOR-1.jpg\" data-link=\"https:\/\/centroculturaldonavicenta.cl\/beta\/2021\/09\/06\/comienza-cuenta-regresiva-de-estacion-del-libro-con-nutrido-programa-literario-y-cultural\/ffcc-interior-1\/\" class=\"wp-image-2111\" srcset=\"https:\/\/centroculturaldonavicenta.cl\/beta\/wp-content\/uploads\/2021\/09\/FFCC-INTERIOR-1-1024x576.jpg 1024w, https:\/\/centroculturaldonavicenta.cl\/beta\/wp-content\/uploads\/2021\/09\/FFCC-INTERIOR-1-300x169.jpg 300w, https:\/\/centroculturaldonavicenta.cl\/beta\/wp-content\/uploads\/2021\/09\/FFCC-INTERIOR-1-768x432.jpg 768w, https:\/\/centroculturaldonavicenta.cl\/beta\/wp-content\/uploads\/2021\/09\/FFCC-INTERIOR-1-1536x864.jpg 1536w, https:\/\/centroculturaldonavicenta.cl\/beta\/wp-content\/uploads\/2021\/09\/FFCC-INTERIOR-1-1200x675.jpg 1200w, https:\/\/centroculturaldonavicenta.cl\/beta\/wp-content\/uploads\/2021\/09\/FFCC-INTERIOR-1-585x329.jpg 585w, https:\/\/centroculturaldonavicenta.cl\/beta\/wp-content\/uploads\/2021\/09\/FFCC-INTERIOR-1.jpg 1920w\" sizes=\"auto, (max-width: 1024px) 100vw, 1024px\" \/><\/a><\/figure><\/li><\/ul><\/figure>\n","protected":false},"excerpt":{"rendered":"<p>Tal como fuera en anta\u00f1o, hoy la ex Estaci\u00f3n de Ferrocarril Iquique &#8211; Pueblo Hundido vuelve a ser parte de la ciudad, con la primera \u201cEstaci\u00f3n del Libro. Un territorio, muchos caminos\u201d, evento ferial que se realizar\u00e1 durante cuatro d\u00edas, desde el 14 al 17&#8230;<\/p>\n","protected":false},"author":1,"featured_media":2103,"comment_status":"closed","ping_status":"open","sticky":false,"template":"","format":"standard","meta":{"footnotes":""},"categories":[157,195,173,156],"tags":[160,163,162,159],"class_list":["post-2102","post","type-post","status-publish","format-standard","has-post-thumbnail","hentry","category-157","category-cultura","category-exposicion","category-proyectos","tag-160","tag-cultura","tag-editorial-pino-oregon","tag-estacion-del-libro"],"amp_enabled":true,"_links":{"self":[{"href":"https:\/\/centroculturaldonavicenta.cl\/beta\/wp-json\/wp\/v2\/posts\/2102","targetHints":{"allow":["GET"]}}],"collection":[{"href":"https:\/\/centroculturaldonavicenta.cl\/beta\/wp-json\/wp\/v2\/posts"}],"about":[{"href":"https:\/\/centroculturaldonavicenta.cl\/beta\/wp-json\/wp\/v2\/types\/post"}],"author":[{"embeddable":true,"href":"https:\/\/centroculturaldonavicenta.cl\/beta\/wp-json\/wp\/v2\/users\/1"}],"replies":[{"embeddable":true,"href":"https:\/\/centroculturaldonavicenta.cl\/beta\/wp-json\/wp\/v2\/comments?post=2102"}],"version-history":[{"count":86,"href":"https:\/\/centroculturaldonavicenta.cl\/beta\/wp-json\/wp\/v2\/posts\/2102\/revisions"}],"predecessor-version":[{"id":2228,"href":"https:\/\/centroculturaldonavicenta.cl\/beta\/wp-json\/wp\/v2\/posts\/2102\/revisions\/2228"}],"wp:featuredmedia":[{"embeddable":true,"href":"https:\/\/centroculturaldonavicenta.cl\/beta\/wp-json\/wp\/v2\/media\/2103"}],"wp:attachment":[{"href":"https:\/\/centroculturaldonavicenta.cl\/beta\/wp-json\/wp\/v2\/media?parent=2102"}],"wp:term":[{"taxonomy":"category","embeddable":true,"href":"https:\/\/centroculturaldonavicenta.cl\/beta\/wp-json\/wp\/v2\/categories?post=2102"},{"taxonomy":"post_tag","embeddable":true,"href":"https:\/\/centroculturaldonavicenta.cl\/beta\/wp-json\/wp\/v2\/tags?post=2102"}],"curies":[{"name":"wp","href":"https:\/\/api.w.org\/{rel}","templated":true}]}}