{"id":2049,"date":"2019-12-02T10:00:25","date_gmt":"2019-12-02T10:00:25","guid":{"rendered":"https:\/\/centroculturaldonavicenta.cl\/beta\/?p=2049"},"modified":"2021-09-13T01:17:35","modified_gmt":"2021-09-13T01:17:35","slug":"escritores-nacionales-y-regionales-seran","status":"publish","type":"post","link":"https:\/\/centroculturaldonavicenta.cl\/beta\/2019\/12\/02\/escritores-nacionales-y-regionales-seran\/","title":{"rendered":"Escritores nacionales y regionales ser\u00e1n las principales figuras de Estaci\u00f3n del Libro 2019"},"content":{"rendered":"\n<p class=\"ticss-2eeec1a2\">Cinco escritores nacionales y cerca de 15 escritores de la macrozona norte ser\u00e1n los invitados de la \u201cEstaci\u00f3n del Libro 2019\u201d, evento ferial que se realizar\u00e1 entre el 14 y 17 de diciembre pr\u00f3ximo, en el espacio de la ex estaci\u00f3n de Ferrocarril Iquique-Pueblo Hundido, ubicado en Sotomayor con Vivar.<\/p>\n\n\n\n<p class=\"ticss-026bde9a\">As\u00ed lo dieron a conocer Laura D\u00edaz Vidiella, Seremi de las Culturas, las Artes y el Patrimonio; junto a Hrvoj Ostojic Peric, presidente del Centro Cultural Do\u00f1a Vicenta; quienes anunciaron la presencia de destacadas figuras de la literatura nacional y regional, que liderar\u00e1n cada jornada de este evento literario y cultural.&nbsp;<\/p>\n\n\n\n<p class=\"ticss-f35b2b20\">Entre los escritores nacionales, destacan Cristian Warnken, profesor, comunicador y creador de programas televisivos como \u201cLa belleza de pensar\u201d y \u201cUna belleza nueva\u201d, quien inaugurar\u00e1 la Estaci\u00f3n del Libro, con una conferencia que dar\u00e1 paso a un recorrido por el lugar y un caf\u00e9 literario.<\/p>\n\n\n\n<p class=\"ticss-4857e677\">Tambi\u00e9n se sumar\u00e1n a esta fiesta literaria el escritor Pablo Simonetti, destacado por sus novelas \u201cJard\u00edn\u201d y \u201cDesastres Naturales\u201d; junto a Mauricio Paredes, escritor que ha transformado el mundo de la literatura infantil, con libros como \u201cLa cama m\u00e1gica de Barolo\u201d, \u201cLa familia Gu\u00e1catela\u201d y \u201cMatilde, la ni\u00f1a invisible\u201d, entre otras obras.<\/p>\n\n\n\n<p class=\"ticss-1f555369\">Adem\u00e1s de Guido Salinas y Sebasti\u00e1n Castro, creadores de la saga \u201cGuardianes del Sur\u201d, una l\u00ednea de c\u00f3mics que inmortaliza el legado de los valientes Weichafes del Wallmapu; y la reconocida actriz juvenil y escritora emergente, Bel\u00e9n Soto, quien presentar\u00e1 su libro \u201cNo te lo mereces\u201d.<\/p>\n\n\n\n<p class=\"ticss-58eee6e9\">En el \u00e1mbito de la macrozona norte, los escritores regionales participantes \u2013cuyos nombres se dar\u00e1n a conocer pr\u00f3ximamente- realizar\u00e1n lanzamientos de libros, conversatorios y firma de sus obras, participando activamente con el p\u00fablico asistente.&nbsp;<\/p>\n\n\n\n<p><strong>Evento Familiar<\/strong><\/p>\n\n\n\n<p class=\"ticss-4f8b3b3b\">En la ocasi\u00f3n, la Seremi de las Culturas, las Artes y el Patrimonio, Laura D\u00edaz Vidiella, coment\u00f3 que la Estaci\u00f3n del Libro ser\u00e1 un gran espacio literario y cultural destinado a todos los publicos.<\/p>\n\n\n\n<p class=\"ticss-9f5dce62\">\u201cEn la Estaci\u00f3n del Libro tambi\u00e9n estar\u00e1n presentes editoriales regionales y locales, adem\u00e1s se realizar\u00e1n diversas actividades l\u00fadicas para ni\u00f1os y j\u00f3venes, junto con otros espacios para el p\u00fablico adulto. Por lo tanto, es un evento para toda la familia, as\u00ed es que invitamos a la comunidad a asistir y disfrutar de todas las actividades que se realizar\u00e1n en este recinto ferial\u201d.<\/p>\n\n\n\n<p class=\"ticss-b9948c7a\">Asimismo, Hrvoj Ostojic, presidente del Centro Cultural Do\u00f1a Vicenta, reiter\u00f3 la importancia de recuperar la ex estaci\u00f3n como parte del patrimonio de Iquique y asociarlo a la cultura en toda su dimensi\u00f3n. Es por ello que coment\u00f3 que el recinto ferial tambi\u00e9n contar\u00e1 con la presencia de pymes locales, que podr\u00e1n exhibir sus productos con identidad regional, apostando con ello al desarrollo de \u00e9stas como principal motor en la generaci\u00f3n de empleo\u201d.<\/p>\n\n\n\n<p class=\"ticss-af6ce46c\">Cabe destacar que la Estaci\u00f3n del Libro es organizada por el Centro Cultural Do\u00f1a Vicenta, con el financiamiento del Ministerio de las Culturas, las Artes y el Patrimonio y el auspicio de la C\u00e1mara Chilena de la Construcci\u00f3n para poner en valor la ex estaci\u00f3n de ferrocarril. Adem\u00e1s de la colaboraci\u00f3n de Idepa de la Universidad Arturo Prat y la Seremi de Justicia y Derechos Humanos, junto al Registro Civil.<\/p>\n","protected":false},"excerpt":{"rendered":"<p>Cinco escritores nacionales y cerca de 15 escritores de la macrozona norte ser\u00e1n los invitados de la \u201cEstaci\u00f3n del Libro 2019\u201d, evento ferial que se realizar\u00e1 entre el 14 y 17 de diciembre pr\u00f3ximo, en el espacio de la ex estaci\u00f3n de Ferrocarril Iquique-Pueblo Hundido,&#8230;<\/p>\n","protected":false},"author":1,"featured_media":2050,"comment_status":"closed","ping_status":"open","sticky":false,"template":"","format":"standard","meta":{"footnotes":""},"categories":[157,195,173,156],"tags":[160,163,162,159,164],"class_list":["post-2049","post","type-post","status-publish","format-standard","has-post-thumbnail","hentry","category-157","category-cultura","category-exposicion","category-proyectos","tag-160","tag-cultura","tag-editorial-pino-oregon","tag-estacion-del-libro","tag-proyectos"],"amp_enabled":true,"_links":{"self":[{"href":"https:\/\/centroculturaldonavicenta.cl\/beta\/wp-json\/wp\/v2\/posts\/2049","targetHints":{"allow":["GET"]}}],"collection":[{"href":"https:\/\/centroculturaldonavicenta.cl\/beta\/wp-json\/wp\/v2\/posts"}],"about":[{"href":"https:\/\/centroculturaldonavicenta.cl\/beta\/wp-json\/wp\/v2\/types\/post"}],"author":[{"embeddable":true,"href":"https:\/\/centroculturaldonavicenta.cl\/beta\/wp-json\/wp\/v2\/users\/1"}],"replies":[{"embeddable":true,"href":"https:\/\/centroculturaldonavicenta.cl\/beta\/wp-json\/wp\/v2\/comments?post=2049"}],"version-history":[{"count":3,"href":"https:\/\/centroculturaldonavicenta.cl\/beta\/wp-json\/wp\/v2\/posts\/2049\/revisions"}],"predecessor-version":[{"id":2055,"href":"https:\/\/centroculturaldonavicenta.cl\/beta\/wp-json\/wp\/v2\/posts\/2049\/revisions\/2055"}],"wp:featuredmedia":[{"embeddable":true,"href":"https:\/\/centroculturaldonavicenta.cl\/beta\/wp-json\/wp\/v2\/media\/2050"}],"wp:attachment":[{"href":"https:\/\/centroculturaldonavicenta.cl\/beta\/wp-json\/wp\/v2\/media?parent=2049"}],"wp:term":[{"taxonomy":"category","embeddable":true,"href":"https:\/\/centroculturaldonavicenta.cl\/beta\/wp-json\/wp\/v2\/categories?post=2049"},{"taxonomy":"post_tag","embeddable":true,"href":"https:\/\/centroculturaldonavicenta.cl\/beta\/wp-json\/wp\/v2\/tags?post=2049"}],"curies":[{"name":"wp","href":"https:\/\/api.w.org\/{rel}","templated":true}]}}